{"id":73358,"date":"2025-12-10T22:54:51","date_gmt":"2025-12-10T19:54:51","guid":{"rendered":"https:\/\/www.egemtv.com\/?p=73358"},"modified":"2025-12-10T22:54:52","modified_gmt":"2025-12-10T19:54:52","slug":"manisada-catlak-olusan-iki-bina-tahliye-edildi","status":"publish","type":"post","link":"https:\/\/www.egemtv.com\/?p=73358","title":{"rendered":"Manisa\u2019da \u00e7atlak olu\u015fan iki bina tahliye edildi"},"content":{"rendered":"<p>Manisa\u2019n\u0131n Turgutlu il\u00e7esinde iki bina olu\u015fan \u00e7atlaklar nedeniyle tahliye edildi.<br \/>\n<br \/>Selvilitepe Mahallesi Tepe Sokak\u2019ta bulunan iki binada, \u00e7atlak oldu\u011fu ihbar\u0131 \u00fczerine AFAD, itfaiye, polis ve sa\u011fl\u0131k ekipleri olay yerine sevk edildi. Ekipler taraf\u0131ndan yap\u0131lan incelemede duvar ve kolon k\u0131s\u0131mlar\u0131nda \u00e7atlaklar tespit edildi. \u00c7\u00f6kme riskine kar\u015f\u0131 harekete ge\u00e7en ekipler, iki binada ya\u015fayan toplam 15 vatanda\u015f\u0131 tahliye etti.<br \/>\n<br \/>B\u00f6lgede g\u00fcvenlik \u015feridi \u00e7ekilirken, yap\u0131lar\u0131n durumu hakk\u0131nda detayl\u0131 teknik incelemelerin s\u00fcrd\u00fc\u011f\u00fc bildirildi. Ekiplerin \u00e7al\u0131\u015fmalar\u0131 devam ederken, risk tespiti tamamlanana kadar binalara giri\u015flere izin verilmiyor.<br \/><\/p>\n","protected":false},"excerpt":{"rendered":"<p>Manisa\u2019n\u0131n Turgutlu il\u00e7esinde iki bina olu\u015fan \u00e7atlaklar nedeniyle tahliye edildi. Selvilitepe Mahallesi Tepe Sokak\u2019ta bulunan iki binada, \u00e7atlak oldu\u011fu ihbar\u0131 \u00fczerine AFAD, itfaiye, polis ve sa\u011fl\u0131k ekipleri olay yerine sevk edildi. Ekipler taraf\u0131ndan yap\u0131lan incelemede duvar ve kolon k\u0131s\u0131mlar\u0131nda \u00e7atlaklar tespit edildi. \u00c7\u00f6kme riskine kar\u015f\u0131 harekete ge\u00e7en ekipler, iki binada ya\u015fayan toplam 15 vatanda\u015f\u0131 tahliye&#8230;<\/p>\n","protected":false},"author":1,"featured_media":73359,"comment_status":"open","ping_status":"open","sticky":false,"template":"","format":"standard","meta":{"_crdt_document":"","footnotes":""},"categories":[5],"tags":[],"class_list":["post-73358","post","type-post","status-publish","format-standard","has-post-thumbnail","hentry","category-asayis"],"_links":{"self":[{"href":"https:\/\/www.egemtv.com\/index.php?rest_route=\/wp\/v2\/posts\/73358","targetHints":{"allow":["GET"]}}],"collection":[{"href":"https:\/\/www.egemtv.com\/index.php?rest_route=\/wp\/v2\/posts"}],"about":[{"href":"https:\/\/www.egemtv.com\/index.php?rest_route=\/wp\/v2\/types\/post"}],"author":[{"embeddable":true,"href":"https:\/\/www.egemtv.com\/index.php?rest_route=\/wp\/v2\/users\/1"}],"replies":[{"embeddable":true,"href":"https:\/\/www.egemtv.com\/index.php?rest_route=%2Fwp%2Fv2%2Fcomments&post=73358"}],"version-history":[{"count":1,"href":"https:\/\/www.egemtv.com\/index.php?rest_route=\/wp\/v2\/posts\/73358\/revisions"}],"predecessor-version":[{"id":73360,"href":"https:\/\/www.egemtv.com\/index.php?rest_route=\/wp\/v2\/posts\/73358\/revisions\/73360"}],"wp:featuredmedia":[{"embeddable":true,"href":"https:\/\/www.egemtv.com\/index.php?rest_route=\/wp\/v2\/media\/73359"}],"wp:attachment":[{"href":"https:\/\/www.egemtv.com\/index.php?rest_route=%2Fwp%2Fv2%2Fmedia&parent=73358"}],"wp:term":[{"taxonomy":"category","embeddable":true,"href":"https:\/\/www.egemtv.com\/index.php?rest_route=%2Fwp%2Fv2%2Fcategories&post=73358"},{"taxonomy":"post_tag","embeddable":true,"href":"https:\/\/www.egemtv.com\/index.php?rest_route=%2Fwp%2Fv2%2Ftags&post=73358"}],"curies":[{"name":"wp","href":"https:\/\/api.w.org\/{rel}","templated":true}]}}