{"id":73355,"date":"2025-12-10T22:35:39","date_gmt":"2025-12-10T19:35:39","guid":{"rendered":"https:\/\/www.egemtv.com\/?p=73355"},"modified":"2025-12-10T22:35:40","modified_gmt":"2025-12-10T19:35:40","slug":"vali-ozkandan-tedavisi-suren-baskan-durbaya-ziyaret","status":"publish","type":"post","link":"https:\/\/www.egemtv.com\/?p=73355","title":{"rendered":"Vali \u00d6zkan\u2019dan tedavisi s\u00fcren Ba\u015fkan Durbay\u2019a ziyaret"},"content":{"rendered":"<p>Manisa Valisi Vahdettin \u00d6zkan, bir s\u00fcredir kolon kanseri nedeniyle Manisa \u015eehir Hastanesi\u2019nde tedavi g\u00f6ren \u015eehzadeler Belediye Ba\u015fkan\u0131 G\u00fcl\u015fah Durbay\u2019\u0131 ziyaret etti.<br \/>\n<br \/>Ba\u015fkan Durbay\u2019\u0131n sa\u011fl\u0131k durumu ve tedavi s\u00fcrecine ili\u015fkin y\u00fcr\u00fct\u00fclen \u00e7al\u0131\u015fmalar\u0131 yak\u0131ndan takip eden Vali \u00d6zkan, \u0130l Sa\u011fl\u0131k M\u00fcd\u00fcr\u00fc Dr. Fatih Zeren ve hastane y\u00f6netiminden kapsaml\u0131 bilgi ald\u0131. Tedavi s\u00fcrecinin dikkatle s\u00fcrd\u00fcr\u00fcld\u00fc\u011f\u00fcn\u00fc belirten sa\u011fl\u0131k yetkilileri, Ba\u015fkan Durbay\u2019\u0131n durumuna ili\u015fkin g\u00fcncel de\u011ferlendirmeleri Vali \u00d6zkan\u2019a sundu. Vali \u00d6zkan, Ba\u015fkan Durbay\u2019\u0131n ailesi ve yak\u0131nlar\u0131yla da g\u00f6r\u00fc\u015ferek ge\u00e7mi\u015f olsun dileklerini iletti ve Ba\u015fkan Durbay\u2019\u0131n sa\u011fl\u0131\u011f\u0131na kavu\u015fmas\u0131 i\u00e7in seferber olan doktorlara te\u015fekk\u00fcr etti.<br \/><\/p>\n","protected":false},"excerpt":{"rendered":"<p>Manisa Valisi Vahdettin \u00d6zkan, bir s\u00fcredir kolon kanseri nedeniyle Manisa \u015eehir Hastanesi\u2019nde tedavi g\u00f6ren \u015eehzadeler Belediye Ba\u015fkan\u0131 G\u00fcl\u015fah Durbay\u2019\u0131 ziyaret etti. Ba\u015fkan Durbay\u2019\u0131n sa\u011fl\u0131k durumu ve tedavi s\u00fcrecine ili\u015fkin y\u00fcr\u00fct\u00fclen \u00e7al\u0131\u015fmalar\u0131 yak\u0131ndan takip eden Vali \u00d6zkan, \u0130l Sa\u011fl\u0131k M\u00fcd\u00fcr\u00fc Dr. Fatih Zeren ve hastane y\u00f6netiminden kapsaml\u0131 bilgi ald\u0131. Tedavi s\u00fcrecinin dikkatle s\u00fcrd\u00fcr\u00fcld\u00fc\u011f\u00fcn\u00fc belirten sa\u011fl\u0131k yetkilileri,&#8230;<\/p>\n","protected":false},"author":1,"featured_media":73356,"comment_status":"open","ping_status":"open","sticky":false,"template":"","format":"standard","meta":{"_crdt_document":"","footnotes":""},"categories":[2],"tags":[],"class_list":["post-73355","post","type-post","status-publish","format-standard","has-post-thumbnail","hentry","category-saglik"],"_links":{"self":[{"href":"https:\/\/www.egemtv.com\/index.php?rest_route=\/wp\/v2\/posts\/73355","targetHints":{"allow":["GET"]}}],"collection":[{"href":"https:\/\/www.egemtv.com\/index.php?rest_route=\/wp\/v2\/posts"}],"about":[{"href":"https:\/\/www.egemtv.com\/index.php?rest_route=\/wp\/v2\/types\/post"}],"author":[{"embeddable":true,"href":"https:\/\/www.egemtv.com\/index.php?rest_route=\/wp\/v2\/users\/1"}],"replies":[{"embeddable":true,"href":"https:\/\/www.egemtv.com\/index.php?rest_route=%2Fwp%2Fv2%2Fcomments&post=73355"}],"version-history":[{"count":1,"href":"https:\/\/www.egemtv.com\/index.php?rest_route=\/wp\/v2\/posts\/73355\/revisions"}],"predecessor-version":[{"id":73357,"href":"https:\/\/www.egemtv.com\/index.php?rest_route=\/wp\/v2\/posts\/73355\/revisions\/73357"}],"wp:featuredmedia":[{"embeddable":true,"href":"https:\/\/www.egemtv.com\/index.php?rest_route=\/wp\/v2\/media\/73356"}],"wp:attachment":[{"href":"https:\/\/www.egemtv.com\/index.php?rest_route=%2Fwp%2Fv2%2Fmedia&parent=73355"}],"wp:term":[{"taxonomy":"category","embeddable":true,"href":"https:\/\/www.egemtv.com\/index.php?rest_route=%2Fwp%2Fv2%2Fcategories&post=73355"},{"taxonomy":"post_tag","embeddable":true,"href":"https:\/\/www.egemtv.com\/index.php?rest_route=%2Fwp%2Fv2%2Ftags&post=73355"}],"curies":[{"name":"wp","href":"https:\/\/api.w.org\/{rel}","templated":true}]}}