{"id":73352,"date":"2025-12-10T22:35:38","date_gmt":"2025-12-10T19:35:38","guid":{"rendered":"https:\/\/www.egemtv.com\/?p=73352"},"modified":"2025-12-10T22:35:39","modified_gmt":"2025-12-10T19:35:39","slug":"mentesede-tirin-carptigi-motosiklet-surucusu-hayatini-kaybetti","status":"publish","type":"post","link":"https:\/\/www.egemtv.com\/?p=73352","title":{"rendered":"Mente\u015fe\u2019de t\u0131r\u0131n \u00e7arpt\u0131\u011f\u0131 motosiklet s\u00fcr\u00fcc\u00fcs\u00fc hayat\u0131n\u0131 kaybetti"},"content":{"rendered":"<p>Mu\u011fla\u2019n\u0131n Mente\u015fe il\u00e7esinde t\u0131rla motosikletin \u00e7arp\u0131\u015fmas\u0131 sonucu meydana gelen trafik kazas\u0131nda motosiklet s\u00fcr\u00fcc\u00fcs\u00fc hayat\u0131n\u0131 kaybetti.<br \/>\n<br \/>Kaza, saat 20.00 s\u0131ralar\u0131nda meydana geldi. Edinilen bilgiye g\u00f6re, k\u0131rm\u0131z\u0131 \u0131\u015f\u0131k ihlali yapt\u0131\u011f\u0131 iddia edilen T.D. idaresindeki 35 BDT 554 plakal\u0131 t\u0131r, Hakan G\u00fcr\u2019\u00fcn (31) kulland\u0131\u011f\u0131 48 AVA 765 plakal\u0131 motosiklete \u00e7arpt\u0131. \u00c7arpman\u0131n etkisiyle savrulan motosikletten d\u00fc\u015fen G\u00fcr kafas\u0131n\u0131 kald\u0131r\u0131ma vurdu. Kazay\u0131 g\u00f6renler durumu 112 Acil \u00c7a\u011fr\u0131 Merkezi\u2019ne bildirdi. \u0130hbar \u00fczerine b\u00f6lgeye sa\u011fl\u0131k ve polis ekipleri sevk edildi. K\u0131sa s\u00fcrede olay yerine gelen sa\u011fl\u0131k ekiplerinin t\u00fcm m\u00fcdahalelerine ra\u011fmen G\u00fcr olay yerinde hayat\u0131n\u0131 kaybetti. Gerekli olay yeri \u00e7al\u0131\u015fmalar\u0131n\u0131n ard\u0131ndan G\u00fcr\u2019\u00fcn cans\u0131z bedeni hastane morguna kald\u0131r\u0131ld\u0131.<br \/>\n<br \/>Kazayla ilgili soru\u015fturma s\u00fcr\u00fcyor.<br \/><\/p>\n","protected":false},"excerpt":{"rendered":"<p>Mu\u011fla\u2019n\u0131n Mente\u015fe il\u00e7esinde t\u0131rla motosikletin \u00e7arp\u0131\u015fmas\u0131 sonucu meydana gelen trafik kazas\u0131nda motosiklet s\u00fcr\u00fcc\u00fcs\u00fc hayat\u0131n\u0131 kaybetti. Kaza, saat 20.00 s\u0131ralar\u0131nda meydana geldi. Edinilen bilgiye g\u00f6re, k\u0131rm\u0131z\u0131 \u0131\u015f\u0131k ihlali yapt\u0131\u011f\u0131 iddia edilen T.D. idaresindeki 35 BDT 554 plakal\u0131 t\u0131r, Hakan G\u00fcr\u2019\u00fcn (31) kulland\u0131\u011f\u0131 48 AVA 765 plakal\u0131 motosiklete \u00e7arpt\u0131. \u00c7arpman\u0131n etkisiyle savrulan motosikletten d\u00fc\u015fen G\u00fcr kafas\u0131n\u0131 kald\u0131r\u0131ma&#8230;<\/p>\n","protected":false},"author":1,"featured_media":73353,"comment_status":"open","ping_status":"open","sticky":false,"template":"","format":"standard","meta":{"_crdt_document":"","footnotes":""},"categories":[5],"tags":[],"class_list":["post-73352","post","type-post","status-publish","format-standard","has-post-thumbnail","hentry","category-asayis"],"_links":{"self":[{"href":"https:\/\/www.egemtv.com\/index.php?rest_route=\/wp\/v2\/posts\/73352","targetHints":{"allow":["GET"]}}],"collection":[{"href":"https:\/\/www.egemtv.com\/index.php?rest_route=\/wp\/v2\/posts"}],"about":[{"href":"https:\/\/www.egemtv.com\/index.php?rest_route=\/wp\/v2\/types\/post"}],"author":[{"embeddable":true,"href":"https:\/\/www.egemtv.com\/index.php?rest_route=\/wp\/v2\/users\/1"}],"replies":[{"embeddable":true,"href":"https:\/\/www.egemtv.com\/index.php?rest_route=%2Fwp%2Fv2%2Fcomments&post=73352"}],"version-history":[{"count":1,"href":"https:\/\/www.egemtv.com\/index.php?rest_route=\/wp\/v2\/posts\/73352\/revisions"}],"predecessor-version":[{"id":73354,"href":"https:\/\/www.egemtv.com\/index.php?rest_route=\/wp\/v2\/posts\/73352\/revisions\/73354"}],"wp:featuredmedia":[{"embeddable":true,"href":"https:\/\/www.egemtv.com\/index.php?rest_route=\/wp\/v2\/media\/73353"}],"wp:attachment":[{"href":"https:\/\/www.egemtv.com\/index.php?rest_route=%2Fwp%2Fv2%2Fmedia&parent=73352"}],"wp:term":[{"taxonomy":"category","embeddable":true,"href":"https:\/\/www.egemtv.com\/index.php?rest_route=%2Fwp%2Fv2%2Fcategories&post=73352"},{"taxonomy":"post_tag","embeddable":true,"href":"https:\/\/www.egemtv.com\/index.php?rest_route=%2Fwp%2Fv2%2Ftags&post=73352"}],"curies":[{"name":"wp","href":"https:\/\/api.w.org\/{rel}","templated":true}]}}