{"id":73349,"date":"2025-12-10T22:14:32","date_gmt":"2025-12-10T19:14:32","guid":{"rendered":"https:\/\/www.egemtv.com\/?p=73349"},"modified":"2025-12-10T22:14:33","modified_gmt":"2025-12-10T19:14:33","slug":"yataklarin-arasina-saklandi-jandarmadan-kacamadi","status":"publish","type":"post","link":"https:\/\/www.egemtv.com\/?p=73349","title":{"rendered":"Yataklar\u0131n aras\u0131na sakland\u0131, jandarmadan ka\u00e7amad\u0131"},"content":{"rendered":"<p>Ayd\u0131n\u2019\u0131n Kuyucak il\u00e7esinde kasten \u00f6ld\u00fcrme su\u00e7undan 7 ayd\u0131r aranan \u015f\u00fcpheli, sakland\u0131\u011f\u0131 y\u00fckl\u00fckte yakaland\u0131.<br \/>\n<br \/>Ayd\u0131n\u2019da \u00e7e\u015fitli su\u00e7lardan aranan \u015fah\u0131slar\u0131n yakalanmas\u0131na y\u00f6nelik y\u00fcr\u00fct\u00fclen \u00e7al\u0131\u015fmalar aral\u0131ks\u0131z devam ediyor. Edinilen bilgiye g\u00f6re, Ba\u015faran Mahallesi\u2019nde \u2019kasten \u00f6ld\u00fcrme\u2019 su\u00e7undan hakk\u0131nda 8 y\u0131l 4 ay kesinle\u015fmi\u015f hapis cezas\u0131 bulunan ve 7 ayd\u0131r aranan \u015fahs\u0131n sakland\u0131\u011f\u0131 yeri tespit eden jandarma ekipleri, operasyon i\u00e7in harekete ge\u00e7ti. Tespit edilen adrese bask\u0131n d\u00fczenleyen ekipleri fark eden \u015f\u00fcpheli, yatak ve yorganlar\u0131n kald\u0131r\u0131ld\u0131\u011f\u0131 y\u00fckl\u00fc\u011fe sakland\u0131. Jandarma ekiplerinin dikkatinden ka\u00e7amayan \u015f\u00fcpheli, yataklar\u0131n aras\u0131nda k\u0131sk\u0131vrak yakaland\u0131. G\u00f6zalt\u0131na al\u0131nan \u015f\u00fcpheli, gerekli i\u015flemlerinin ard\u0131ndan sevk edildi\u011fi adli makamlarca tutuklanarak cezaevine g\u00f6nderildi.<br \/><\/p>\n","protected":false},"excerpt":{"rendered":"<p>Ayd\u0131n\u2019\u0131n Kuyucak il\u00e7esinde kasten \u00f6ld\u00fcrme su\u00e7undan 7 ayd\u0131r aranan \u015f\u00fcpheli, sakland\u0131\u011f\u0131 y\u00fckl\u00fckte yakaland\u0131. Ayd\u0131n\u2019da \u00e7e\u015fitli su\u00e7lardan aranan \u015fah\u0131slar\u0131n yakalanmas\u0131na y\u00f6nelik y\u00fcr\u00fct\u00fclen \u00e7al\u0131\u015fmalar aral\u0131ks\u0131z devam ediyor. Edinilen bilgiye g\u00f6re, Ba\u015faran Mahallesi\u2019nde \u2019kasten \u00f6ld\u00fcrme\u2019 su\u00e7undan hakk\u0131nda 8 y\u0131l 4 ay kesinle\u015fmi\u015f hapis cezas\u0131 bulunan ve 7 ayd\u0131r aranan \u015fahs\u0131n sakland\u0131\u011f\u0131 yeri tespit eden jandarma ekipleri, operasyon i\u00e7in&#8230;<\/p>\n","protected":false},"author":1,"featured_media":73350,"comment_status":"open","ping_status":"open","sticky":false,"template":"","format":"standard","meta":{"_crdt_document":"","footnotes":""},"categories":[5],"tags":[],"class_list":["post-73349","post","type-post","status-publish","format-standard","has-post-thumbnail","hentry","category-asayis"],"_links":{"self":[{"href":"https:\/\/www.egemtv.com\/index.php?rest_route=\/wp\/v2\/posts\/73349","targetHints":{"allow":["GET"]}}],"collection":[{"href":"https:\/\/www.egemtv.com\/index.php?rest_route=\/wp\/v2\/posts"}],"about":[{"href":"https:\/\/www.egemtv.com\/index.php?rest_route=\/wp\/v2\/types\/post"}],"author":[{"embeddable":true,"href":"https:\/\/www.egemtv.com\/index.php?rest_route=\/wp\/v2\/users\/1"}],"replies":[{"embeddable":true,"href":"https:\/\/www.egemtv.com\/index.php?rest_route=%2Fwp%2Fv2%2Fcomments&post=73349"}],"version-history":[{"count":1,"href":"https:\/\/www.egemtv.com\/index.php?rest_route=\/wp\/v2\/posts\/73349\/revisions"}],"predecessor-version":[{"id":73351,"href":"https:\/\/www.egemtv.com\/index.php?rest_route=\/wp\/v2\/posts\/73349\/revisions\/73351"}],"wp:featuredmedia":[{"embeddable":true,"href":"https:\/\/www.egemtv.com\/index.php?rest_route=\/wp\/v2\/media\/73350"}],"wp:attachment":[{"href":"https:\/\/www.egemtv.com\/index.php?rest_route=%2Fwp%2Fv2%2Fmedia&parent=73349"}],"wp:term":[{"taxonomy":"category","embeddable":true,"href":"https:\/\/www.egemtv.com\/index.php?rest_route=%2Fwp%2Fv2%2Fcategories&post=73349"},{"taxonomy":"post_tag","embeddable":true,"href":"https:\/\/www.egemtv.com\/index.php?rest_route=%2Fwp%2Fv2%2Ftags&post=73349"}],"curies":[{"name":"wp","href":"https:\/\/api.w.org\/{rel}","templated":true}]}}