{"id":73346,"date":"2025-12-10T21:14:30","date_gmt":"2025-12-10T18:14:30","guid":{"rendered":"https:\/\/www.egemtv.com\/?p=73346"},"modified":"2025-12-10T21:14:31","modified_gmt":"2025-12-10T18:14:31","slug":"aydinda-bin-300-litre-tagsis-yag-ele-gecirildi","status":"publish","type":"post","link":"https:\/\/www.egemtv.com\/?p=73346","title":{"rendered":"Ayd\u0131n\u2019da bin 300 litre ta\u011f\u015fi\u015f ya\u011f ele ge\u00e7irildi"},"content":{"rendered":"<p>Ayd\u0131n\u2019\u0131n Efeler il\u00e7esinde durdurulan bir ara\u00e7 i\u00e7erisinde pet \u015fi\u015fe ve bidonlara doldurulmu\u015f toplam bin 370 litre ta\u011f\u015fi\u015f ya\u011f ele ge\u00e7irildi.<br \/>\n<br \/>Sahtecilik faaliyetlerinin \u00f6nlenmesine y\u00f6nelik G\u00fcvenlik \u015eube M\u00fcd\u00fcrl\u00fc\u011f\u00fc ekiplerince y\u00fcr\u00fct\u00fclen \u00e7al\u0131\u015fmalar aral\u0131ks\u0131z devam ediyor. Edinilen bilgiye g\u00f6re yap\u0131lan \u00e7al\u0131\u015fmalar kapsam\u0131nda ekipler, Efeler il\u00e7esi Ata Mahallesi\u2019nde bir arac\u0131 durdurdu. Yap\u0131lan aramada ara\u00e7 i\u00e7erisinde 5 litrelik 244 adet pet \u015fi\u015feye ve 50 litrelik 3 adet bidona doldurulmu\u015f toplam bin 370 litre ta\u011f\u015fi\u015f ya\u011f ele ge\u00e7irildi. Olayla ilgili S.S. isimli \u015fah\u0131s hakk\u0131nda 5996 say\u0131l\u0131 G\u0131da Kanununa muhalefetten i\u015flem yap\u0131l\u0131rken, ayr\u0131ca s\u00fcr\u00fcc\u00fc belgesiz ve muayenesiz ara\u00e7 kullanmaktan 39 bin 521 TL, \u0130l\u00e7e Tar\u0131m ve Orman M\u00fcd\u00fcrl\u00fc\u011f\u00fc g\u00f6revlilerince ise 42 bin TL idari para cezas\u0131 uyguland\u0131. G\u00f6zalt\u0131na al\u0131nan \u015fah\u0131s hakk\u0131nda adli i\u015flem ba\u015flat\u0131ld\u0131.<br \/><\/p>\n","protected":false},"excerpt":{"rendered":"<p>Ayd\u0131n\u2019\u0131n Efeler il\u00e7esinde durdurulan bir ara\u00e7 i\u00e7erisinde pet \u015fi\u015fe ve bidonlara doldurulmu\u015f toplam bin 370 litre ta\u011f\u015fi\u015f ya\u011f ele ge\u00e7irildi. Sahtecilik faaliyetlerinin \u00f6nlenmesine y\u00f6nelik G\u00fcvenlik \u015eube M\u00fcd\u00fcrl\u00fc\u011f\u00fc ekiplerince y\u00fcr\u00fct\u00fclen \u00e7al\u0131\u015fmalar aral\u0131ks\u0131z devam ediyor. Edinilen bilgiye g\u00f6re yap\u0131lan \u00e7al\u0131\u015fmalar kapsam\u0131nda ekipler, Efeler il\u00e7esi Ata Mahallesi\u2019nde bir arac\u0131 durdurdu. Yap\u0131lan aramada ara\u00e7 i\u00e7erisinde 5 litrelik 244 adet&#8230;<\/p>\n","protected":false},"author":1,"featured_media":73347,"comment_status":"open","ping_status":"open","sticky":false,"template":"","format":"standard","meta":{"_crdt_document":"","footnotes":""},"categories":[5],"tags":[],"class_list":["post-73346","post","type-post","status-publish","format-standard","has-post-thumbnail","hentry","category-asayis"],"_links":{"self":[{"href":"https:\/\/www.egemtv.com\/index.php?rest_route=\/wp\/v2\/posts\/73346","targetHints":{"allow":["GET"]}}],"collection":[{"href":"https:\/\/www.egemtv.com\/index.php?rest_route=\/wp\/v2\/posts"}],"about":[{"href":"https:\/\/www.egemtv.com\/index.php?rest_route=\/wp\/v2\/types\/post"}],"author":[{"embeddable":true,"href":"https:\/\/www.egemtv.com\/index.php?rest_route=\/wp\/v2\/users\/1"}],"replies":[{"embeddable":true,"href":"https:\/\/www.egemtv.com\/index.php?rest_route=%2Fwp%2Fv2%2Fcomments&post=73346"}],"version-history":[{"count":1,"href":"https:\/\/www.egemtv.com\/index.php?rest_route=\/wp\/v2\/posts\/73346\/revisions"}],"predecessor-version":[{"id":73348,"href":"https:\/\/www.egemtv.com\/index.php?rest_route=\/wp\/v2\/posts\/73346\/revisions\/73348"}],"wp:featuredmedia":[{"embeddable":true,"href":"https:\/\/www.egemtv.com\/index.php?rest_route=\/wp\/v2\/media\/73347"}],"wp:attachment":[{"href":"https:\/\/www.egemtv.com\/index.php?rest_route=%2Fwp%2Fv2%2Fmedia&parent=73346"}],"wp:term":[{"taxonomy":"category","embeddable":true,"href":"https:\/\/www.egemtv.com\/index.php?rest_route=%2Fwp%2Fv2%2Fcategories&post=73346"},{"taxonomy":"post_tag","embeddable":true,"href":"https:\/\/www.egemtv.com\/index.php?rest_route=%2Fwp%2Fv2%2Ftags&post=73346"}],"curies":[{"name":"wp","href":"https:\/\/api.w.org\/{rel}","templated":true}]}}