{"id":73343,"date":"2025-12-10T18:54:44","date_gmt":"2025-12-10T15:54:44","guid":{"rendered":"https:\/\/www.egemtv.com\/?p=73343"},"modified":"2025-12-10T18:54:45","modified_gmt":"2025-12-10T15:54:45","slug":"kusadasinda-cocuklara-hem-kitap-hem-hayvan-sevgisi-asilandi","status":"publish","type":"post","link":"https:\/\/www.egemtv.com\/?p=73343","title":{"rendered":"Ku\u015fadas\u0131\u2019nda \u00e7ocuklara hem kitap hem hayvan sevgisi a\u015f\u0131land\u0131"},"content":{"rendered":"<p>Ku\u015fadas\u0131\u2019n\u0131n k\u00fclt\u00fcr ve e\u011fitim hayat\u0131nda \u00f6nemli bir yer tutan SEYAKMER Dijital ve Materyal \u00c7ocuk K\u00fct\u00fcphanesi, \u00e7ocuk kitaplar\u0131 yazar\u0131 ve e\u011fitimci Emine Erk Bekdemir\u2019i a\u011f\u0131rlad\u0131. Etkinlikte Bekdemir \u00e7ocuklara \u2018Dostlu\u011fun \u015eifas\u0131\u2019 adl\u0131 yeni kitab\u0131n\u0131 tan\u0131tt\u0131.<\/p>\n<p>SEYAKMER Dijital ve Materyal \u00c7ocuk K\u00fct\u00fcphanesi\u2019nde, \u00e7ocuk kitaplar\u0131 yazar\u0131 ve e\u011fitimci Emine Erk Bekdemir\u2019in konuk oldu\u011fu bir at\u00f6lye \u00e7al\u0131\u015fmas\u0131 d\u00fczenlendi. Yakla\u015f\u0131k 1 saat s\u00fcren etkinlikte Bekdemir, \u00e7ocuklara sokak hayvanlar\u0131n\u0131n ya\u015fad\u0131\u011f\u0131 zorluklar\u0131 anlatan \u2018Dostlu\u011fun \u015eifas\u0131\u2019 adl\u0131 son kitab\u0131n\u0131 tan\u0131tt\u0131. Etkinlik boyunca \u00e7ocuklara hayvan sevgisi de a\u015f\u0131land\u0131. Yazar\u0131n anlatt\u0131\u011f\u0131 b\u00f6l\u00fcmleri dikkatle dinleyen \u00e7ocuklar, s\u00f6yle\u015fi s\u0131ras\u0131nda kitapla ilgili merak ettikleri sorular\u0131 da Emine Erk Bekdemir\u2019e y\u00f6neltti. Etkinlik, yazar\u0131n kitab\u0131n\u0131 \u00e7ocuklar i\u00e7in imzalamas\u0131yla sona erdi.<br \/><\/p>\n","protected":false},"excerpt":{"rendered":"<p>Ku\u015fadas\u0131\u2019n\u0131n k\u00fclt\u00fcr ve e\u011fitim hayat\u0131nda \u00f6nemli bir yer tutan SEYAKMER Dijital ve Materyal \u00c7ocuk K\u00fct\u00fcphanesi, \u00e7ocuk kitaplar\u0131 yazar\u0131 ve e\u011fitimci Emine Erk Bekdemir\u2019i a\u011f\u0131rlad\u0131. Etkinlikte Bekdemir \u00e7ocuklara \u2018Dostlu\u011fun \u015eifas\u0131\u2019 adl\u0131 yeni kitab\u0131n\u0131 tan\u0131tt\u0131. SEYAKMER Dijital ve Materyal \u00c7ocuk K\u00fct\u00fcphanesi\u2019nde, \u00e7ocuk kitaplar\u0131 yazar\u0131 ve e\u011fitimci Emine Erk Bekdemir\u2019in konuk oldu\u011fu bir at\u00f6lye \u00e7al\u0131\u015fmas\u0131 d\u00fczenlendi. Yakla\u015f\u0131k 1&#8230;<\/p>\n","protected":false},"author":1,"featured_media":73344,"comment_status":"open","ping_status":"open","sticky":false,"template":"","format":"standard","meta":{"_crdt_document":"","footnotes":""},"categories":[1],"tags":[],"class_list":["post-73343","post","type-post","status-publish","format-standard","has-post-thumbnail","hentry","category-guncel"],"_links":{"self":[{"href":"https:\/\/www.egemtv.com\/index.php?rest_route=\/wp\/v2\/posts\/73343","targetHints":{"allow":["GET"]}}],"collection":[{"href":"https:\/\/www.egemtv.com\/index.php?rest_route=\/wp\/v2\/posts"}],"about":[{"href":"https:\/\/www.egemtv.com\/index.php?rest_route=\/wp\/v2\/types\/post"}],"author":[{"embeddable":true,"href":"https:\/\/www.egemtv.com\/index.php?rest_route=\/wp\/v2\/users\/1"}],"replies":[{"embeddable":true,"href":"https:\/\/www.egemtv.com\/index.php?rest_route=%2Fwp%2Fv2%2Fcomments&post=73343"}],"version-history":[{"count":1,"href":"https:\/\/www.egemtv.com\/index.php?rest_route=\/wp\/v2\/posts\/73343\/revisions"}],"predecessor-version":[{"id":73345,"href":"https:\/\/www.egemtv.com\/index.php?rest_route=\/wp\/v2\/posts\/73343\/revisions\/73345"}],"wp:featuredmedia":[{"embeddable":true,"href":"https:\/\/www.egemtv.com\/index.php?rest_route=\/wp\/v2\/media\/73344"}],"wp:attachment":[{"href":"https:\/\/www.egemtv.com\/index.php?rest_route=%2Fwp%2Fv2%2Fmedia&parent=73343"}],"wp:term":[{"taxonomy":"category","embeddable":true,"href":"https:\/\/www.egemtv.com\/index.php?rest_route=%2Fwp%2Fv2%2Fcategories&post=73343"},{"taxonomy":"post_tag","embeddable":true,"href":"https:\/\/www.egemtv.com\/index.php?rest_route=%2Fwp%2Fv2%2Ftags&post=73343"}],"curies":[{"name":"wp","href":"https:\/\/api.w.org\/{rel}","templated":true}]}}