{"id":73340,"date":"2025-12-10T18:54:44","date_gmt":"2025-12-10T15:54:44","guid":{"rendered":"https:\/\/www.egemtv.com\/?p=73340"},"modified":"2025-12-10T18:54:44","modified_gmt":"2025-12-10T15:54:44","slug":"kusadasi-belediyesi-temizlik-isleri-mudurlugu-personeline-guvenli-surus-egitimi-verildi","status":"publish","type":"post","link":"https:\/\/www.egemtv.com\/?p=73340","title":{"rendered":"Ku\u015fadas\u0131 Belediyesi Temizlik \u0130\u015fleri M\u00fcd\u00fcrl\u00fc\u011f\u00fc personeline \u2019g\u00fcvenli s\u00fcr\u00fc\u015f\u2019 e\u011fitimi verildi"},"content":{"rendered":"<p>Ku\u015fadas\u0131 Belediyesi Temizlik \u0130\u015fleri M\u00fcd\u00fcrl\u00fc\u011f\u00fc\u2019nde a\u011f\u0131r vas\u0131ta ara\u00e7lar\u0131 kullanan personele, g\u00fcvenli s\u00fcr\u00fc\u015f e\u011fitimi verildi.<\/p>\n<p>Yakla\u015f\u0131k 2 saat s\u00fcren e\u011fitimde,  Ali Kemal Kurnaz taraf\u0131ndan s\u00fcr\u00fcc\u00fclere bilimsel veriler \u0131\u015f\u0131\u011f\u0131nda trafikte dikkat etmeleri gereken hususlar anlat\u0131ld\u0131.<\/p>\n<p>Ku\u015fadas\u0131 Belediyesi, kent genelinde yap\u0131lan temizlik \u00e7al\u0131\u015fmalar\u0131nda \u00e7\u00f6p kamyonu, su tankeri ve \u00e7ekici gibi a\u011f\u0131r vas\u0131ta ara\u00e7lar\u0131n\u0131 kullanan personeline e\u011fitim vermeye devam ediyor. Bu kapsamda son olarak \u0130stasyon Ku\u015fadas\u0131\u2019nda Ali Kemal Kurnaz taraf\u0131ndan Temizlik \u0130\u015fleri M\u00fcd\u00fcrl\u00fc\u011f\u00fc\u2019nde g\u00f6revli s\u00fcr\u00fcc\u00fclere g\u00fcvenli s\u00fcr\u00fc\u015f e\u011fitimi verildi. Yakla\u015f\u0131k 2 saat s\u00fcren e\u011fitimde, kazalar\u0131n y\u00fczde 84\u2019\u00fcn\u00fcn bireysel hatalardan kaynakland\u0131\u011f\u0131na dikkat \u00e7ekildi. Trafikte seyrederken h\u0131z s\u0131n\u0131rlar\u0131na uymak, takip mesafesini korumak, di\u011fer s\u00fcr\u00fcc\u00fclerin hatalar\u0131n\u0131 \u00f6ng\u00f6rmek ve stres y\u00f6netimi gibi konular\u0131n da i\u015flendi\u011fi e\u011fitim belirli aral\u0131klarla tekrarlanacak.<\/p>\n<p>E\u011fitimde s\u00fcr\u00fcc\u00fclere yak\u0131t t\u00fcketimin azalt\u0131lmas\u0131 ve ara\u00e7lar\u0131n i\u015fletme maliyetlerinin d\u00fc\u015f\u00fcr\u00fclmesiyle ilgili bilgiler de verildi\u011fini belirten Kurnaz, &#8220;Maalesef \u00fclkemizde kazalar\u0131n \u00e7o\u011fu s\u00fcr\u00fcc\u00fclerin trafikte ya\u015fad\u0131\u011f\u0131 stres nedeniyle meydana geliyor. Bir s\u00fcr\u00fcc\u00fc stres y\u00f6netiminin yan\u0131nda kulland\u0131\u011f\u0131 arac\u0131n teknik \u00f6zelliklerini de \u00e7ok iyi bilmek zorunda. E\u011fitimlerimizin Ku\u015fadas\u0131 Belediyesi personeline \u00e7ok faydal\u0131 olaca\u011f\u0131n\u0131 d\u00fc\u015f\u00fcn\u00fcyorum&#8221; diye konu\u015ftu.<br \/><\/p>\n","protected":false},"excerpt":{"rendered":"<p>Ku\u015fadas\u0131 Belediyesi Temizlik \u0130\u015fleri M\u00fcd\u00fcrl\u00fc\u011f\u00fc\u2019nde a\u011f\u0131r vas\u0131ta ara\u00e7lar\u0131 kullanan personele, g\u00fcvenli s\u00fcr\u00fc\u015f e\u011fitimi verildi. Yakla\u015f\u0131k 2 saat s\u00fcren e\u011fitimde, Ali Kemal Kurnaz taraf\u0131ndan s\u00fcr\u00fcc\u00fclere bilimsel veriler \u0131\u015f\u0131\u011f\u0131nda trafikte dikkat etmeleri gereken hususlar anlat\u0131ld\u0131. Ku\u015fadas\u0131 Belediyesi, kent genelinde yap\u0131lan temizlik \u00e7al\u0131\u015fmalar\u0131nda \u00e7\u00f6p kamyonu, su tankeri ve \u00e7ekici gibi a\u011f\u0131r vas\u0131ta ara\u00e7lar\u0131n\u0131 kullanan personeline e\u011fitim vermeye devam&#8230;<\/p>\n","protected":false},"author":1,"featured_media":73341,"comment_status":"open","ping_status":"open","sticky":false,"template":"","format":"standard","meta":{"_crdt_document":"","footnotes":""},"categories":[1],"tags":[],"class_list":["post-73340","post","type-post","status-publish","format-standard","has-post-thumbnail","hentry","category-guncel"],"_links":{"self":[{"href":"https:\/\/www.egemtv.com\/index.php?rest_route=\/wp\/v2\/posts\/73340","targetHints":{"allow":["GET"]}}],"collection":[{"href":"https:\/\/www.egemtv.com\/index.php?rest_route=\/wp\/v2\/posts"}],"about":[{"href":"https:\/\/www.egemtv.com\/index.php?rest_route=\/wp\/v2\/types\/post"}],"author":[{"embeddable":true,"href":"https:\/\/www.egemtv.com\/index.php?rest_route=\/wp\/v2\/users\/1"}],"replies":[{"embeddable":true,"href":"https:\/\/www.egemtv.com\/index.php?rest_route=%2Fwp%2Fv2%2Fcomments&post=73340"}],"version-history":[{"count":1,"href":"https:\/\/www.egemtv.com\/index.php?rest_route=\/wp\/v2\/posts\/73340\/revisions"}],"predecessor-version":[{"id":73342,"href":"https:\/\/www.egemtv.com\/index.php?rest_route=\/wp\/v2\/posts\/73340\/revisions\/73342"}],"wp:featuredmedia":[{"embeddable":true,"href":"https:\/\/www.egemtv.com\/index.php?rest_route=\/wp\/v2\/media\/73341"}],"wp:attachment":[{"href":"https:\/\/www.egemtv.com\/index.php?rest_route=%2Fwp%2Fv2%2Fmedia&parent=73340"}],"wp:term":[{"taxonomy":"category","embeddable":true,"href":"https:\/\/www.egemtv.com\/index.php?rest_route=%2Fwp%2Fv2%2Fcategories&post=73340"},{"taxonomy":"post_tag","embeddable":true,"href":"https:\/\/www.egemtv.com\/index.php?rest_route=%2Fwp%2Fv2%2Ftags&post=73340"}],"curies":[{"name":"wp","href":"https:\/\/api.w.org\/{rel}","templated":true}]}}