{"id":73334,"date":"2025-12-10T18:36:11","date_gmt":"2025-12-10T15:36:11","guid":{"rendered":"https:\/\/www.egemtv.com\/?p=73334"},"modified":"2025-12-10T18:36:12","modified_gmt":"2025-12-10T15:36:12","slug":"duyarli-esnaf-otomobili-yanmaktan-kurtardi","status":"publish","type":"post","link":"https:\/\/www.egemtv.com\/?p=73334","title":{"rendered":"Duyarl\u0131 esnaf otomobili yanmaktan kurtard\u0131"},"content":{"rendered":"<p>Ayd\u0131n\u2019\u0131n Efeler il\u00e7esinde s\u00fcr\u00fcc\u00fcs\u00fcn\u00fcn park etmek istedi\u011fi s\u0131rada otomobilde \u00e7\u0131kan yang\u0131na esnaf yang\u0131n t\u00fcp\u00fcyle m\u00fcdahale etti. Ya\u015fanan panik g\u00fcvenlik kameralar\u0131na yans\u0131d\u0131.<br \/>\n<br \/>Yang\u0131n, Kurtulu\u015f Mahallesi 2021 sokak \u00fczerinde saat 17.00 s\u0131ralar\u0131nda meydana geldi. Edinilen bilgiye g\u00f6re, D.\u00c7. isimli s\u00fcr\u00fcc\u00fc, 35 HLM 87 plakal\u0131 otomobilini park etti\u011fi s\u0131rada, arac\u0131n\u0131n motor k\u0131sm\u0131nda dumanlar\u0131n \u00e7\u0131kt\u0131\u011f\u0131 g\u00f6rd\u00fc. D.\u00c7. panikle ara\u00e7tan inerek \u00e7evresindekilerden yard\u0131m istedi. Vatanda\u015flar durumu 112 Acil \u00c7a\u011fr\u0131 Merkezi\u2019ne bildirirken bu s\u0131rada Mustafa \u00d6zdemir isimli esnaf, i\u015f yerinde bulunan yang\u0131n t\u00fcp\u00fcn\u00fc al\u0131p yard\u0131ma ko\u015ftu. Yang\u0131na ilk m\u00fcdahaleyi yapan \u00d6zdemir ara\u00e7taki alevleri b\u00fcy\u00fcmeden s\u00f6nd\u00fcrmeyi ba\u015fard\u0131. K\u0131sa s\u00fcrede olay yerine gelen Ayd\u0131n B\u00fcy\u00fck\u015fehir Belediyesi \u0130tfaiye Daire Ba\u015fkanl\u0131\u011f\u0131 ekipleri de ara\u00e7ta gerekli kontrolleri ger\u00e7ekle\u015ftirerek so\u011futma \u00e7al\u0131\u015fmas\u0131 yapt\u0131.<\/p>\n<p>Ya\u015fananlar kamerada<br \/>\n<br \/>Yang\u0131n\u0131n \u00e7\u0131k\u0131\u015f an\u0131 ve sonras\u0131nda ya\u015fananlar, \u00e7evredeki i\u015f yerlerinin g\u00fcvenlik kameralar\u0131na anbean yans\u0131d\u0131. G\u00f6r\u00fcnt\u00fclerde park etme s\u0131ras\u0131nda ara\u00e7tan dumanlar\u0131n y\u00fckselmesi, esnaf\u0131n yard\u0131ma ko\u015fmas\u0131, yang\u0131na ilk m\u00fcdahaleleri ve sonras\u0131nda ya\u015fananlar yer ald\u0131.<\/p>\n<p>&#8220;\u0130nsanl\u0131k g\u00f6revimi yapt\u0131m&#8221;<br \/>\n<br \/>Yang\u0131na ilk m\u00fcdahale eden esnaf Mustafa \u00d6zdemir, &#8220;\u0130\u015f yerindeydim d\u0131\u015far\u0131dan seslerinin geldi\u011fini duydum. Kontrol etmek i\u00e7in d\u00fckkandan d\u0131\u015far\u0131 \u00e7\u0131k\u0131p soka\u011fa bakt\u0131\u011f\u0131mda ara\u00e7tan dumanlar\u0131n y\u00fckseldi\u011fini fark ettim. Hararet yapt\u0131\u011f\u0131n\u0131 s\u00f6ylediler ama bakt\u0131\u011f\u0131mda ya\u011f yan\u0131\u011f\u0131 oldu\u011funu g\u00f6rd\u00fcm. Araban\u0131n alt\u0131ndan alevler \u00e7\u0131kt\u0131\u011f\u0131n\u0131 tespit edince kaputu a\u00e7\u0131p yang\u0131n t\u00fcp\u00fc ile m\u00fcdahalede bulundum. \u00c7ok \u015f\u00fck\u00fcr alevler b\u00fcy\u00fcmeden kontrol alt\u0131na almay\u0131 ba\u015fard\u0131k. Biz vatanda\u015fl\u0131k g\u00f6revimizi yapt\u0131k. Ara\u00e7 sahibine de ge\u00e7mi\u015f olsun dileklerimi iletiyorum&#8221; diye konu\u015ftu.<br \/><\/p>\n","protected":false},"excerpt":{"rendered":"<p>Ayd\u0131n\u2019\u0131n Efeler il\u00e7esinde s\u00fcr\u00fcc\u00fcs\u00fcn\u00fcn park etmek istedi\u011fi s\u0131rada otomobilde \u00e7\u0131kan yang\u0131na esnaf yang\u0131n t\u00fcp\u00fcyle m\u00fcdahale etti. Ya\u015fanan panik g\u00fcvenlik kameralar\u0131na yans\u0131d\u0131. Yang\u0131n, Kurtulu\u015f Mahallesi 2021 sokak \u00fczerinde saat 17.00 s\u0131ralar\u0131nda meydana geldi. Edinilen bilgiye g\u00f6re, D.\u00c7. isimli s\u00fcr\u00fcc\u00fc, 35 HLM 87 plakal\u0131 otomobilini park etti\u011fi s\u0131rada, arac\u0131n\u0131n motor k\u0131sm\u0131nda dumanlar\u0131n \u00e7\u0131kt\u0131\u011f\u0131 g\u00f6rd\u00fc. D.\u00c7. panikle ara\u00e7tan&#8230;<\/p>\n","protected":false},"author":1,"featured_media":73335,"comment_status":"open","ping_status":"open","sticky":false,"template":"","format":"standard","meta":{"_crdt_document":"","footnotes":""},"categories":[5],"tags":[],"class_list":["post-73334","post","type-post","status-publish","format-standard","has-post-thumbnail","hentry","category-asayis"],"_links":{"self":[{"href":"https:\/\/www.egemtv.com\/index.php?rest_route=\/wp\/v2\/posts\/73334","targetHints":{"allow":["GET"]}}],"collection":[{"href":"https:\/\/www.egemtv.com\/index.php?rest_route=\/wp\/v2\/posts"}],"about":[{"href":"https:\/\/www.egemtv.com\/index.php?rest_route=\/wp\/v2\/types\/post"}],"author":[{"embeddable":true,"href":"https:\/\/www.egemtv.com\/index.php?rest_route=\/wp\/v2\/users\/1"}],"replies":[{"embeddable":true,"href":"https:\/\/www.egemtv.com\/index.php?rest_route=%2Fwp%2Fv2%2Fcomments&post=73334"}],"version-history":[{"count":1,"href":"https:\/\/www.egemtv.com\/index.php?rest_route=\/wp\/v2\/posts\/73334\/revisions"}],"predecessor-version":[{"id":73336,"href":"https:\/\/www.egemtv.com\/index.php?rest_route=\/wp\/v2\/posts\/73334\/revisions\/73336"}],"wp:featuredmedia":[{"embeddable":true,"href":"https:\/\/www.egemtv.com\/index.php?rest_route=\/wp\/v2\/media\/73335"}],"wp:attachment":[{"href":"https:\/\/www.egemtv.com\/index.php?rest_route=%2Fwp%2Fv2%2Fmedia&parent=73334"}],"wp:term":[{"taxonomy":"category","embeddable":true,"href":"https:\/\/www.egemtv.com\/index.php?rest_route=%2Fwp%2Fv2%2Fcategories&post=73334"},{"taxonomy":"post_tag","embeddable":true,"href":"https:\/\/www.egemtv.com\/index.php?rest_route=%2Fwp%2Fv2%2Ftags&post=73334"}],"curies":[{"name":"wp","href":"https:\/\/api.w.org\/{rel}","templated":true}]}}