{"id":73328,"date":"2025-12-10T18:36:09","date_gmt":"2025-12-10T15:36:09","guid":{"rendered":"https:\/\/www.egemtv.com\/?p=73328"},"modified":"2025-12-10T18:36:10","modified_gmt":"2025-12-10T15:36:10","slug":"ataturk-cocuklari-kutuphaneleri-kitap-bagislarini-bekliyor","status":"publish","type":"post","link":"https:\/\/www.egemtv.com\/?p=73328","title":{"rendered":"Atat\u00fcrk \u00c7ocuklar\u0131 K\u00fct\u00fcphaneleri kitap ba\u011f\u0131\u015flar\u0131n\u0131 bekliyor"},"content":{"rendered":"<p>Manisa B\u00fcy\u00fck\u015fehir Belediyesi ile \u0130zmir Kitap G\u00f6n\u00fcll\u00fcleri i\u015f birli\u011fiyle hayata ge\u00e7irilen Atat\u00fcrk \u00c7ocuklar\u0131 Ferdi Zeyrek K\u00fct\u00fcphaneleri ve Bilim Merkezleri, yap\u0131lacak kitap ba\u011f\u0131\u015flar\u0131n\u0131 bekliyor. Manisa\u2019n\u0131n il\u00e7elerinde de a\u00e7\u0131lmas\u0131 planlanan k\u00fct\u00fcphaneler i\u00e7in vatanda\u015flar kitap ba\u011f\u0131\u015f\u0131nda bulunarak projeye destek olabilecek.<br \/>\n<br \/>Manisa B\u00fcy\u00fck\u015fehir Belediyesi ve \u0130zmir Kitap G\u00f6n\u00fcll\u00fcleri i\u015f birli\u011fi ile ba\u015flat\u0131lan Atat\u00fcrk \u00c7ocuklar\u0131 Ferdi Zeyrek K\u00fct\u00fcphaneleri ve Bilim Merkezleri proje, vatanda\u015flardan gelecek kitap ba\u011f\u0131\u015flar\u0131n\u0131 bekliyor. \u00c7ocuklar\u0131n e\u011fitimlerine katk\u0131 sunmak amac\u0131yla ba\u015flat\u0131lan proje kapsam\u0131nda vatanda\u015flar, T\u00fcrkiye\u2019nin her yerinden kitap ba\u011f\u0131\u015f\u0131nda bulunabilecek. K\u00fct\u00fcphane ve bilim merkezlerinde, Manisal\u0131 yazar, \u015fair ve sanat\u00e7\u0131lar\u0131n \u00e7ocuklara y\u00f6nelik at\u00f6lye ve e\u011fitim d\u00fczenlemesi planlan\u0131yor. Bu merkezler okumay\u0131 te\u015fvik eden, bilim ve sanat\u0131 bulu\u015fturan e\u011fitim alanlar\u0131 olarak tasarland\u0131. \u2018Kitaplar\u0131n\u0131zla Gelece\u011fe I\u015f\u0131k Olun\u2019 slogan\u0131 ile yap\u0131lan kitap ba\u011f\u0131\u015f\u0131 \u00e7a\u011fr\u0131s\u0131na vatanda\u015flar\u0131n kitaplar\u0131yla destek olmas\u0131 bekleniyor.<br \/>\n<br \/>Proje kapsam\u0131nda ilk olarak G\u00f6rdes il\u00e7esinde a\u00e7\u0131lan Atat\u00fcrk \u00c7ocuklar\u0131 Ferdi Zeyrek K\u00fct\u00fcphanesi ve Bilim Merkezi 11 bin kitap ile e\u011fitim hizmetine ba\u015flad\u0131. 2026 y\u0131l\u0131n\u0131n ilk ay\u0131nda Demirci il\u00e7esi \u0130cikler Mahallesi ile K\u0131rka\u011fa\u00e7 il\u00e7esi Gelenbe Mahallesi\u2019nde de yeni merkezlerin a\u00e7\u0131lmas\u0131 planlan\u0131yor. Projenin hedefi, merhum Belediye Ba\u015fkan\u0131 Ferdi Zeyrek\u2019in an\u0131s\u0131n\u0131 ya\u015fat\u0131rken, Manisa\u2019n\u0131n t\u00fcm il\u00e7elerinde \u00e7ocuklar\u0131n e\u011fitimine katk\u0131 sa\u011flayacak merkezler olu\u015fturmak olarak a\u00e7\u0131kland\u0131.<br \/><\/p>\n","protected":false},"excerpt":{"rendered":"<p>Manisa B\u00fcy\u00fck\u015fehir Belediyesi ile \u0130zmir Kitap G\u00f6n\u00fcll\u00fcleri i\u015f birli\u011fiyle hayata ge\u00e7irilen Atat\u00fcrk \u00c7ocuklar\u0131 Ferdi Zeyrek K\u00fct\u00fcphaneleri ve Bilim Merkezleri, yap\u0131lacak kitap ba\u011f\u0131\u015flar\u0131n\u0131 bekliyor. Manisa\u2019n\u0131n il\u00e7elerinde de a\u00e7\u0131lmas\u0131 planlanan k\u00fct\u00fcphaneler i\u00e7in vatanda\u015flar kitap ba\u011f\u0131\u015f\u0131nda bulunarak projeye destek olabilecek. Manisa B\u00fcy\u00fck\u015fehir Belediyesi ve \u0130zmir Kitap G\u00f6n\u00fcll\u00fcleri i\u015f birli\u011fi ile ba\u015flat\u0131lan Atat\u00fcrk \u00c7ocuklar\u0131 Ferdi Zeyrek K\u00fct\u00fcphaneleri ve Bilim&#8230;<\/p>\n","protected":false},"author":1,"featured_media":73329,"comment_status":"open","ping_status":"open","sticky":false,"template":"","format":"standard","meta":{"_crdt_document":"","footnotes":""},"categories":[1],"tags":[],"class_list":["post-73328","post","type-post","status-publish","format-standard","has-post-thumbnail","hentry","category-guncel"],"_links":{"self":[{"href":"https:\/\/www.egemtv.com\/index.php?rest_route=\/wp\/v2\/posts\/73328","targetHints":{"allow":["GET"]}}],"collection":[{"href":"https:\/\/www.egemtv.com\/index.php?rest_route=\/wp\/v2\/posts"}],"about":[{"href":"https:\/\/www.egemtv.com\/index.php?rest_route=\/wp\/v2\/types\/post"}],"author":[{"embeddable":true,"href":"https:\/\/www.egemtv.com\/index.php?rest_route=\/wp\/v2\/users\/1"}],"replies":[{"embeddable":true,"href":"https:\/\/www.egemtv.com\/index.php?rest_route=%2Fwp%2Fv2%2Fcomments&post=73328"}],"version-history":[{"count":1,"href":"https:\/\/www.egemtv.com\/index.php?rest_route=\/wp\/v2\/posts\/73328\/revisions"}],"predecessor-version":[{"id":73330,"href":"https:\/\/www.egemtv.com\/index.php?rest_route=\/wp\/v2\/posts\/73328\/revisions\/73330"}],"wp:featuredmedia":[{"embeddable":true,"href":"https:\/\/www.egemtv.com\/index.php?rest_route=\/wp\/v2\/media\/73329"}],"wp:attachment":[{"href":"https:\/\/www.egemtv.com\/index.php?rest_route=%2Fwp%2Fv2%2Fmedia&parent=73328"}],"wp:term":[{"taxonomy":"category","embeddable":true,"href":"https:\/\/www.egemtv.com\/index.php?rest_route=%2Fwp%2Fv2%2Fcategories&post=73328"},{"taxonomy":"post_tag","embeddable":true,"href":"https:\/\/www.egemtv.com\/index.php?rest_route=%2Fwp%2Fv2%2Ftags&post=73328"}],"curies":[{"name":"wp","href":"https:\/\/api.w.org\/{rel}","templated":true}]}}