{"id":73325,"date":"2025-12-10T18:14:31","date_gmt":"2025-12-10T15:14:31","guid":{"rendered":"https:\/\/www.egemtv.com\/?p=73325"},"modified":"2025-12-10T18:14:32","modified_gmt":"2025-12-10T15:14:32","slug":"aydin-buyuksehir-belediyesporda-hamurcu-donemi-sona-erdi","status":"publish","type":"post","link":"https:\/\/www.egemtv.com\/?p=73325","title":{"rendered":"Ayd\u0131n B\u00fcy\u00fck\u015fehir Belediyespor\u2019da Hamurcu d\u00f6nemi sona erdi"},"content":{"rendered":"<p>Ayd\u0131n B\u00fcy\u00fck\u015fehir Belediyespor, ba\u015fantren\u00f6r Alper Hamurcu ile yollar\u0131n ayr\u0131ld\u0131\u011f\u0131n\u0131 duyurdu. Kul\u00fcpten yap\u0131lan a\u00e7\u0131klamada, ayr\u0131l\u0131\u011f\u0131n Alper Hamurcu\u2019nun ald\u0131\u011f\u0131 karar sonucunda ger\u00e7ekle\u015fti\u011fi belirtildi.<\/p>\n<p>Ayd\u0131n B\u00fcy\u00fck\u015fehir Belediyespor Kul\u00fcb\u00fc y\u00f6netimi ba\u015fantren\u00f6r Alper Hamurcu\u2019nun g\u00f6rev s\u00fcresi boyunca tak\u0131ma yapt\u0131\u011f\u0131 katk\u0131lara dikkat \u00e7ekerek, &#8220;Te\u015fekk\u00fcrler Alper Hamurcu. Ba\u015fantren\u00f6r\u00fcm\u00fcz Alper Hamurcu ile yapt\u0131\u011f\u0131m\u0131z de\u011ferlendirmelerin ard\u0131ndan kar\u015f\u0131l\u0131kl\u0131 anla\u015farak yollar\u0131m\u0131z\u0131 ay\u0131rm\u0131\u015f bulunuyoruz. 2019\/20 sezonundan bu yana, 7 sezon gibi uzun bir s\u00fcre kul\u00fcb\u00fcm\u00fcz i\u00e7in g\u00f6sterdi\u011fi emek, \u00e7al\u0131\u015fma disiplini ve tak\u0131ma katt\u0131\u011f\u0131 de\u011ferler i\u00e7in kendisine te\u015fekk\u00fcr ederiz. Alper Hamurcu, hem sporcular\u0131m\u0131z\u0131n geli\u015fiminde hem de kul\u00fcb\u00fcm\u00fcz\u00fcn sahadaki duru\u015funda \u00f6nemli bir pay sahibi olmu\u015ftur. Tak\u0131m\u0131m\u0131z\u0131n her \u015fartta m\u00fccadele eden yap\u0131s\u0131na katk\u0131lar\u0131 camiam\u0131z taraf\u0131ndan unutulmayacakt\u0131r. Ayd\u0131n B\u00fcy\u00fck\u015fehir Belediyespor olarak, bug\u00fcne kadar yapt\u0131\u011f\u0131 \u00e7al\u0131\u015fmalar i\u00e7in Alper Hamurcu\u2019ya te\u015fekk\u00fcr ediyor; kariyerinin bundan sonraki b\u00f6l\u00fcm\u00fcnde ba\u015far\u0131lar diliyoruz&#8221; ifadelerine yer verdi.<\/p>\n<p>Hamurcu\u2019nun \u00f6zellikle tak\u0131m\u0131n m\u00fccadele yap\u0131s\u0131n\u0131n g\u00fc\u00e7lenmesinde \u00f6nemli rol oynad\u0131\u011f\u0131 vurgulan\u0131rken, kul\u00fcp a\u00e7\u0131klamas\u0131nda sporcular\u0131n geli\u015fimindeki pay\u0131n\u0131n unutulmayaca\u011f\u0131 ifade edildi.<\/p>\n<p>Ayd\u0131n B\u00fcy\u00fck\u015fehir Belediyespor, yeni ba\u015fantren\u00f6rle ilgili \u00e7al\u0131\u015fmalar\u0131n s\u00fcrd\u00fc\u011f\u00fcn\u00fc ve geli\u015fmelerin kamuoyu ile payla\u015f\u0131laca\u011f\u0131n\u0131 bildirdi.<br \/><\/p>\n","protected":false},"excerpt":{"rendered":"<p>Ayd\u0131n B\u00fcy\u00fck\u015fehir Belediyespor, ba\u015fantren\u00f6r Alper Hamurcu ile yollar\u0131n ayr\u0131ld\u0131\u011f\u0131n\u0131 duyurdu. Kul\u00fcpten yap\u0131lan a\u00e7\u0131klamada, ayr\u0131l\u0131\u011f\u0131n Alper Hamurcu\u2019nun ald\u0131\u011f\u0131 karar sonucunda ger\u00e7ekle\u015fti\u011fi belirtildi. Ayd\u0131n B\u00fcy\u00fck\u015fehir Belediyespor Kul\u00fcb\u00fc y\u00f6netimi ba\u015fantren\u00f6r Alper Hamurcu\u2019nun g\u00f6rev s\u00fcresi boyunca tak\u0131ma yapt\u0131\u011f\u0131 katk\u0131lara dikkat \u00e7ekerek, &#8220;Te\u015fekk\u00fcrler Alper Hamurcu. Ba\u015fantren\u00f6r\u00fcm\u00fcz Alper Hamurcu ile yapt\u0131\u011f\u0131m\u0131z de\u011ferlendirmelerin ard\u0131ndan kar\u015f\u0131l\u0131kl\u0131 anla\u015farak yollar\u0131m\u0131z\u0131 ay\u0131rm\u0131\u015f bulunuyoruz. 2019\/20 sezonundan bu&#8230;<\/p>\n","protected":false},"author":1,"featured_media":73326,"comment_status":"open","ping_status":"open","sticky":false,"template":"","format":"standard","meta":{"_crdt_document":"","footnotes":""},"categories":[4],"tags":[],"class_list":["post-73325","post","type-post","status-publish","format-standard","has-post-thumbnail","hentry","category-spor"],"_links":{"self":[{"href":"https:\/\/www.egemtv.com\/index.php?rest_route=\/wp\/v2\/posts\/73325","targetHints":{"allow":["GET"]}}],"collection":[{"href":"https:\/\/www.egemtv.com\/index.php?rest_route=\/wp\/v2\/posts"}],"about":[{"href":"https:\/\/www.egemtv.com\/index.php?rest_route=\/wp\/v2\/types\/post"}],"author":[{"embeddable":true,"href":"https:\/\/www.egemtv.com\/index.php?rest_route=\/wp\/v2\/users\/1"}],"replies":[{"embeddable":true,"href":"https:\/\/www.egemtv.com\/index.php?rest_route=%2Fwp%2Fv2%2Fcomments&post=73325"}],"version-history":[{"count":1,"href":"https:\/\/www.egemtv.com\/index.php?rest_route=\/wp\/v2\/posts\/73325\/revisions"}],"predecessor-version":[{"id":73327,"href":"https:\/\/www.egemtv.com\/index.php?rest_route=\/wp\/v2\/posts\/73325\/revisions\/73327"}],"wp:featuredmedia":[{"embeddable":true,"href":"https:\/\/www.egemtv.com\/index.php?rest_route=\/wp\/v2\/media\/73326"}],"wp:attachment":[{"href":"https:\/\/www.egemtv.com\/index.php?rest_route=%2Fwp%2Fv2%2Fmedia&parent=73325"}],"wp:term":[{"taxonomy":"category","embeddable":true,"href":"https:\/\/www.egemtv.com\/index.php?rest_route=%2Fwp%2Fv2%2Fcategories&post=73325"},{"taxonomy":"post_tag","embeddable":true,"href":"https:\/\/www.egemtv.com\/index.php?rest_route=%2Fwp%2Fv2%2Ftags&post=73325"}],"curies":[{"name":"wp","href":"https:\/\/api.w.org\/{rel}","templated":true}]}}