{"id":73322,"date":"2025-12-10T17:15:44","date_gmt":"2025-12-10T14:15:44","guid":{"rendered":"https:\/\/www.egemtv.com\/?p=73322"},"modified":"2025-12-10T17:15:44","modified_gmt":"2025-12-10T14:15:44","slug":"hastanede-deprem-ve-yangin-tatbikati","status":"publish","type":"post","link":"https:\/\/www.egemtv.com\/?p=73322","title":{"rendered":"Hastanede deprem ve yang\u0131n tatbikat\u0131"},"content":{"rendered":"<p>Bodrum Devlet Hastanesi\u2019nde afet anlar\u0131nda m\u00fcdahale kapasitesini art\u0131rmak ve t\u00fcm ekiplerin koordinasyonunu g\u00fc\u00e7lendirmek amac\u0131yla &#8220;Deprem ve Yang\u0131n Entegre Tahliye ve Kurtarma Tatbikat\u0131&#8221; ger\u00e7ekle\u015ftirildi.<\/p>\n<p>Bug\u00fcn saat 14.00\u2019da ba\u015flayan tatbikata 112 Acil Sa\u011fl\u0131k, AFAD, UMKE, Bodrum \u0130tfaiye Grup Amirli\u011fi, Bodrum Belediyesi Arama-Kurtarma Ekibi, Mahalle Afet G\u00f6n\u00fcll\u00fcleri, SAR ve Mu\u011fla 911 Arama Kurtarma g\u00f6n\u00fcll\u00fcleri kat\u0131ld\u0131.<\/p>\n<p>Tatbikat kapsam\u0131nda senaryo gere\u011fi hastanede meydana gelen deprem ve e\u015f zamanl\u0131 bodrum kat yang\u0131n\u0131 sonras\u0131 toplam 5 yaral\u0131 tespit edildi.<br \/>\n<br \/>Hastanede g\u00f6revli doktorlar, hem\u015fireler, teknik ekipler, g\u00fcvenlik personeli ve idari kadro tatbikata tam uyum i\u00e7inde kat\u0131ld\u0131. Hastanede sedyelere al\u0131nan yaral\u0131lar, 112 Acil Sa\u011fl\u0131k ekiplerine teslim edildi.<\/p>\n<p>\u00d6zellikle \u00e7at\u0131da mahsur kalan yaral\u0131 i\u00e7in \u00f6zel operasyon yap\u0131ld\u0131. \u0130tfaiye, sivil savunma ve sa\u011fl\u0131k ekiplerinin koordineli \u00e7al\u0131\u015fmas\u0131yla halat destekli sistem kurularak yaral\u0131 g\u00fcvenli \u015fekilde indirilerek ambulansa teslim edildi. Ger\u00e7e\u011fini aratmayan tatbikat ba\u015far\u0131yla sonland\u0131r\u0131ld\u0131.<\/p>\n<p>Bodrum Devlet Hastanesi Ba\u015fhekimi Battal Y\u0131ld\u0131r\u0131m, tatbikatla ilgili bas\u0131n mensuplar\u0131na yapt\u0131\u011f\u0131 a\u00e7\u0131klamada \u015funlar\u0131 dile getirdi;<br \/>\n<br \/>&#8220;Bug\u00fcn depremle birlikte yang\u0131n senaryosunu canland\u0131rd\u0131k. Kurum ve STK\u2019lar\u0131m\u0131z\u0131n kat\u0131l\u0131m\u0131yla tatbikat\u0131m\u0131z\u0131 ger\u00e7ekle\u015ftirdik. 5 yaral\u0131m\u0131z vard\u0131, yang\u0131ndan ka\u00e7mak i\u00e7in \u00e7at\u0131ya s\u0131\u011f\u0131nan bir yaral\u0131m\u0131z\u0131 indirme operasyonu yap\u0131ld\u0131. Yo\u011fun bak\u0131mdan hastam\u0131z sedyeyle a\u015fa\u011f\u0131 indirildi. Hastalar\u0131m\u0131z ve hasta yak\u0131nlar\u0131 kurtar\u0131ld\u0131. T\u00fcm ekiplere katk\u0131lar\u0131ndan dolay\u0131 \u00e7ok te\u015fekk\u00fcr ederiz. \u0130n\u015fallah hastanemizde b\u00f6yle olaylar\u0131n ya\u015fanmamas\u0131n\u0131 dilerim. B\u00f6yle bir olay ya\u015fand\u0131\u011f\u0131nda da tedbirli ve haz\u0131rl\u0131kl\u0131 olmam\u0131z i\u00e7in her y\u0131l bu tatbikatlar\u0131 d\u00fczenli yapmay\u0131 planl\u0131yoruz&#8221;<br \/><\/p>\n","protected":false},"excerpt":{"rendered":"<p>Bodrum Devlet Hastanesi\u2019nde afet anlar\u0131nda m\u00fcdahale kapasitesini art\u0131rmak ve t\u00fcm ekiplerin koordinasyonunu g\u00fc\u00e7lendirmek amac\u0131yla &#8220;Deprem ve Yang\u0131n Entegre Tahliye ve Kurtarma Tatbikat\u0131&#8221; ger\u00e7ekle\u015ftirildi. Bug\u00fcn saat 14.00\u2019da ba\u015flayan tatbikata 112 Acil Sa\u011fl\u0131k, AFAD, UMKE, Bodrum \u0130tfaiye Grup Amirli\u011fi, Bodrum Belediyesi Arama-Kurtarma Ekibi, Mahalle Afet G\u00f6n\u00fcll\u00fcleri, SAR ve Mu\u011fla 911 Arama Kurtarma g\u00f6n\u00fcll\u00fcleri kat\u0131ld\u0131. Tatbikat kapsam\u0131nda senaryo&#8230;<\/p>\n","protected":false},"author":1,"featured_media":73323,"comment_status":"open","ping_status":"open","sticky":false,"template":"","format":"standard","meta":{"_crdt_document":"","footnotes":""},"categories":[5],"tags":[],"class_list":["post-73322","post","type-post","status-publish","format-standard","has-post-thumbnail","hentry","category-asayis"],"_links":{"self":[{"href":"https:\/\/www.egemtv.com\/index.php?rest_route=\/wp\/v2\/posts\/73322","targetHints":{"allow":["GET"]}}],"collection":[{"href":"https:\/\/www.egemtv.com\/index.php?rest_route=\/wp\/v2\/posts"}],"about":[{"href":"https:\/\/www.egemtv.com\/index.php?rest_route=\/wp\/v2\/types\/post"}],"author":[{"embeddable":true,"href":"https:\/\/www.egemtv.com\/index.php?rest_route=\/wp\/v2\/users\/1"}],"replies":[{"embeddable":true,"href":"https:\/\/www.egemtv.com\/index.php?rest_route=%2Fwp%2Fv2%2Fcomments&post=73322"}],"version-history":[{"count":1,"href":"https:\/\/www.egemtv.com\/index.php?rest_route=\/wp\/v2\/posts\/73322\/revisions"}],"predecessor-version":[{"id":73324,"href":"https:\/\/www.egemtv.com\/index.php?rest_route=\/wp\/v2\/posts\/73322\/revisions\/73324"}],"wp:featuredmedia":[{"embeddable":true,"href":"https:\/\/www.egemtv.com\/index.php?rest_route=\/wp\/v2\/media\/73323"}],"wp:attachment":[{"href":"https:\/\/www.egemtv.com\/index.php?rest_route=%2Fwp%2Fv2%2Fmedia&parent=73322"}],"wp:term":[{"taxonomy":"category","embeddable":true,"href":"https:\/\/www.egemtv.com\/index.php?rest_route=%2Fwp%2Fv2%2Fcategories&post=73322"},{"taxonomy":"post_tag","embeddable":true,"href":"https:\/\/www.egemtv.com\/index.php?rest_route=%2Fwp%2Fv2%2Ftags&post=73322"}],"curies":[{"name":"wp","href":"https:\/\/api.w.org\/{rel}","templated":true}]}}