{"id":73319,"date":"2025-12-10T16:34:55","date_gmt":"2025-12-10T13:34:55","guid":{"rendered":"https:\/\/www.egemtv.com\/?p=73319"},"modified":"2025-12-10T16:34:55","modified_gmt":"2025-12-10T13:34:55","slug":"minik-baskanin-siniftaki-secim-sozu-yerine-getirildi","status":"publish","type":"post","link":"https:\/\/www.egemtv.com\/?p=73319","title":{"rendered":"Minik ba\u015fkan\u0131n s\u0131n\u0131ftaki se\u00e7im s\u00f6z\u00fc yerine getirildi"},"content":{"rendered":"<p>Isparta Belediye Ba\u015fkan\u0131 \u015e\u00fckr\u00fc Ba\u015fde\u011firmen, Na\u015fide Halil Gelendost \u0130lkokulu 3\/E s\u0131n\u0131f\u0131 \u00f6\u011frencilerinden Bilge Mercan Orhan\u2019\u0131n s\u0131n\u0131f ba\u015fkanl\u0131\u011f\u0131 se\u00e7imlerinde, &#8220;Se\u00e7ilirsem \u015e\u00fckr\u00fc ba\u015fkan\u0131m\u0131z\u0131 s\u0131n\u0131f\u0131m\u0131za getirece\u011fim&#8221; diyerek verdi\u011fi s\u00f6z\u00fc yerine getirerek, okula gitti, \u00f6\u011frencilerle bir araya geldi.<br \/>\n<br \/>Na\u015fide Halil Gelendost \u0130lkokulu 3\/E s\u0131n\u0131f\u0131 \u00f6\u011frencilerinden Bilge Mercan Orhan, &#8220;Se\u00e7ilirsem \u015e\u00fckr\u00fc ba\u015fkan\u0131m\u0131z\u0131 s\u0131n\u0131f\u0131m\u0131za getirece\u011fim&#8221; diyerek girdi\u011fi s\u0131n\u0131f ba\u015fkanl\u0131\u011f\u0131 se\u00e7imini kazand\u0131. Belediye Ba\u015fkan\u0131 \u015e\u00fckr\u00fc Ba\u015fde\u011firmen, minik Ba\u015fkan Bilge Mercan Orhan\u2019\u0131n vaadini yerine getirdi. Na\u015fide Halil Gelendost \u0130lkokulu 3\/E s\u0131n\u0131f\u0131n\u0131 ziyaret eden Ba\u015fkan Ba\u015fde\u011firmen, okul giri\u015finde \u00f6\u011frencilerin yo\u011fun ilgisiyle kar\u015f\u0131la\u015ft\u0131. 3\/E s\u0131n\u0131f\u0131nda, s\u0131n\u0131f ba\u015fkan\u0131 Bilge Mercan Orhan taraf\u0131ndan \u00e7i\u00e7ekle kar\u015f\u0131lanan Belediye Ba\u015fkan\u0131 \u015e\u00fckr\u00fc Ba\u015fde\u011firmen, \u00f6\u011frencilerle ve s\u0131n\u0131f \u00f6\u011fretmeni Mehmet Kad\u0131o\u011flu ile sohbet etti. Ba\u015fkan Ba\u015fde\u011firmen\u2019e okul m\u00fcd\u00fcr\u00fc Hakan Susam e\u015flik etti.<\/p>\n<p>Ba\u015fkan Ba\u015fde\u011firmen: &#8220;En g\u00fczel taraf\u0131 Mercan\u2019\u0131n s\u00f6z\u00fcn\u00fc yerine getirmesi&#8221;<br \/>\n<br \/>Bilge Mercan Orhan\u2019\u0131n s\u0131n\u0131f ba\u015fkanl\u0131\u011f\u0131 se\u00e7imlerinde \u2019e\u011fer beni se\u00e7erseniz ben de okula \u015e\u00fckr\u00fc ba\u015fkan\u0131 davet edece\u011fim\u2019 \u015feklinde bir s\u00f6z verdi\u011fini belirten Belediye Ba\u015fkan\u0131 \u015e\u00fckr\u00fc Ba\u015fde\u011firmen, &#8220;Mercan\u2019\u0131n vermi\u015f oldu\u011fu s\u00f6z\u00fc yerine getirdik. Hayatta en \u00f6nemli \u015fey yapabilece\u011fin bir s\u00f6z\u00fc vermektir. S\u00f6z \u00e7ok de\u011ferlidir. S\u00f6z verdiyseniz onu yapmal\u0131s\u0131n\u0131z. En g\u00fczel taraf\u0131 Mercan\u2019\u0131n s\u00f6z\u00fcn\u00fc yerine getirmesi. Mercan\u2019a te\u015fekk\u00fcr ediyoruz&#8221; dedi.<\/p>\n<p>&#8220;M\u00fccadeleci olmak zorunday\u0131z&#8221;<br \/>\n<br \/>Bilge Mercan Orhan\u2019\u0131n s\u0131n\u0131f ba\u015fkanl\u0131\u011f\u0131 se\u00e7imlerinden \u00f6nce kendisini arad\u0131\u011f\u0131n\u0131 kaydeden Ba\u015fkan Ba\u015fde\u011firmen, &#8220;Mercan se\u00e7imden \u00f6nce beni arad\u0131. Ba\u015fkan aday\u0131 olaca\u011f\u0131n\u0131 s\u00f6yledi ve kazan\u0131rsam ziyarete gelir misin diye sordu. Ne yapt\u0131, s\u00f6z\u00fcn\u00fc garantiye ald\u0131. Ben de kendisine \u2019kazan\u0131rsan gelece\u011fim\u2019 dedim. Burada verdi\u011fimiz s\u00f6zlerin k\u0131ymetini anl\u0131yoruz. Kazanana sayg\u0131 g\u00f6stermesini bilmemiz gerekiyor. Kaybetmenin bu i\u015fin sonu olmad\u0131\u011f\u0131n\u0131 bilmemiz gerekiyor. Biz m\u00fccadeleci olmak zorunday\u0131z. Medeni cesaretlerinden dolay\u0131 adaylar\u0131n hepsini tebrik ediyorum. Se\u00e7ilen Mercan\u2019a da ba\u015far\u0131lar\u0131n\u0131n devam\u0131n\u0131 diliyorum&#8221; \u015feklinde konu\u015ftu.<\/p>\n<p>Orhan: &#8220;Te\u015fekk\u00fcr ederim&#8221;<br \/>\n<br \/>S\u0131n\u0131f ba\u015fkan\u0131 Bilge Mercan Orhan da s\u0131n\u0131f ba\u015fkanl\u0131\u011f\u0131na aday oldu\u011funu ve demokrasinin gere\u011fi olarak ba\u015fkan se\u00e7ildi\u011fini s\u00f6yledi. Belediye Ba\u015fkan\u0131 \u015e\u00fckr\u00fc Ba\u015fde\u011firmen\u2019i s\u0131n\u0131fa davet i\u00e7in arkada\u015flar\u0131na s\u00f6z verdi\u011fini ifade eden Orhan, &#8220;Ba\u015fkan\u0131m\u0131z s\u0131n\u0131f\u0131m\u0131za kadar geldi. Geldi\u011finiz i\u00e7in te\u015fekk\u00fcr ederim&#8221; dedi.<br \/>\n<br \/>Belediye Ba\u015fkan\u0131 \u015e\u00fckr\u00fc Ba\u015fde\u011firmen, \u00f6\u011frencilerin sorular\u0131n\u0131 da yan\u0131tlad\u0131. Bir \u00f6\u011frencinin \u2018Belediye ba\u015fkanl\u0131\u011f\u0131 yapmak kolay m\u0131?\u2019 sorusunu cevaplayan Ba\u015fkan Ba\u015fde\u011firmen, hi\u00e7bir mesle\u011fin kolay olmad\u0131\u011f\u0131n\u0131 belirterek, severek i\u015f yapman\u0131n \u00f6neminden bahsetti.<br \/>\n<br \/>Daha sonra Belediye Ba\u015fkan\u0131 \u015e\u00fckr\u00fc Ba\u015fde\u011firmen, \u00f6\u011frencilerin hep bir a\u011f\u0131zdan s\u00f6yledi\u011fi \u2018Benim Babam\u2019 \u015fark\u0131s\u0131n\u0131 dinledi.<\/p>\n<p>&#8220;Kitap Fuar\u0131\u2019na mutlaka gelin&#8221;<br \/>\n<br \/>\u00d6te yandan Belediye Ba\u015fkan\u0131 \u015e\u00fckr\u00fc Ba\u015fde\u011firmen, 12-21 Aral\u0131k tarihleri aras\u0131nda G\u00f6kkubbe Fuar ve Kongre Merkezi\u2019nde 8. Isparta Kitap Fuar\u0131\u2019n\u0131 d\u00fczenleyeceklerini ifade ederek, \u00f6\u011frencileri fuara davet etti. Ba\u015fkan Ba\u015fde\u011firmen, &#8220;12 Aral\u0131k Cuma g\u00fcn\u00fc fuar\u0131m\u0131z kap\u0131lar\u0131n\u0131 a\u00e7acak ve 10 g\u00fcn devam edecek. Daha kolay al\u0131\u015fveri\u015f yap\u0131n diye sizlere her biri 50 lira olan kuponlar verece\u011fiz. 50 lira olan bir kitab\u0131 bu kuponla alabilirsiniz. 70 liral\u0131k bir kitap alacaks\u0131n\u0131z kuponu verdikten sonra 20 lira daha ilave etmeniz gerekir. \u00d6\u011fretmeninize rica edelim, anne ve babalar\u0131n\u0131za da s\u00f6yleyin bir kez de\u011fil en az iki kez sizi kitap fuar\u0131na getirmelerini isteyin&#8221; dedi.<br \/>\n<br \/>Ziyaretin sonunda Ba\u015fkan Ba\u015fde\u011firmen, \u00f6\u011frencilere kalem ve kalemlik hediye etti.<br \/><\/p>\n","protected":false},"excerpt":{"rendered":"<p>Isparta Belediye Ba\u015fkan\u0131 \u015e\u00fckr\u00fc Ba\u015fde\u011firmen, Na\u015fide Halil Gelendost \u0130lkokulu 3\/E s\u0131n\u0131f\u0131 \u00f6\u011frencilerinden Bilge Mercan Orhan\u2019\u0131n s\u0131n\u0131f ba\u015fkanl\u0131\u011f\u0131 se\u00e7imlerinde, &#8220;Se\u00e7ilirsem \u015e\u00fckr\u00fc ba\u015fkan\u0131m\u0131z\u0131 s\u0131n\u0131f\u0131m\u0131za getirece\u011fim&#8221; diyerek verdi\u011fi s\u00f6z\u00fc yerine getirerek, okula gitti, \u00f6\u011frencilerle bir araya geldi. Na\u015fide Halil Gelendost \u0130lkokulu 3\/E s\u0131n\u0131f\u0131 \u00f6\u011frencilerinden Bilge Mercan Orhan, &#8220;Se\u00e7ilirsem \u015e\u00fckr\u00fc ba\u015fkan\u0131m\u0131z\u0131 s\u0131n\u0131f\u0131m\u0131za getirece\u011fim&#8221; diyerek girdi\u011fi s\u0131n\u0131f ba\u015fkanl\u0131\u011f\u0131 se\u00e7imini kazand\u0131&#8230;.<\/p>\n","protected":false},"author":1,"featured_media":73320,"comment_status":"open","ping_status":"open","sticky":false,"template":"","format":"standard","meta":{"_crdt_document":"","footnotes":""},"categories":[1],"tags":[],"class_list":["post-73319","post","type-post","status-publish","format-standard","has-post-thumbnail","hentry","category-guncel"],"_links":{"self":[{"href":"https:\/\/www.egemtv.com\/index.php?rest_route=\/wp\/v2\/posts\/73319","targetHints":{"allow":["GET"]}}],"collection":[{"href":"https:\/\/www.egemtv.com\/index.php?rest_route=\/wp\/v2\/posts"}],"about":[{"href":"https:\/\/www.egemtv.com\/index.php?rest_route=\/wp\/v2\/types\/post"}],"author":[{"embeddable":true,"href":"https:\/\/www.egemtv.com\/index.php?rest_route=\/wp\/v2\/users\/1"}],"replies":[{"embeddable":true,"href":"https:\/\/www.egemtv.com\/index.php?rest_route=%2Fwp%2Fv2%2Fcomments&post=73319"}],"version-history":[{"count":1,"href":"https:\/\/www.egemtv.com\/index.php?rest_route=\/wp\/v2\/posts\/73319\/revisions"}],"predecessor-version":[{"id":73321,"href":"https:\/\/www.egemtv.com\/index.php?rest_route=\/wp\/v2\/posts\/73319\/revisions\/73321"}],"wp:featuredmedia":[{"embeddable":true,"href":"https:\/\/www.egemtv.com\/index.php?rest_route=\/wp\/v2\/media\/73320"}],"wp:attachment":[{"href":"https:\/\/www.egemtv.com\/index.php?rest_route=%2Fwp%2Fv2%2Fmedia&parent=73319"}],"wp:term":[{"taxonomy":"category","embeddable":true,"href":"https:\/\/www.egemtv.com\/index.php?rest_route=%2Fwp%2Fv2%2Fcategories&post=73319"},{"taxonomy":"post_tag","embeddable":true,"href":"https:\/\/www.egemtv.com\/index.php?rest_route=%2Fwp%2Fv2%2Ftags&post=73319"}],"curies":[{"name":"wp","href":"https:\/\/api.w.org\/{rel}","templated":true}]}}