{"id":73316,"date":"2025-12-10T16:34:54","date_gmt":"2025-12-10T13:34:54","guid":{"rendered":"https:\/\/www.egemtv.com\/?p=73316"},"modified":"2025-12-10T16:34:54","modified_gmt":"2025-12-10T13:34:54","slug":"fethiyede-tarihi-eser-kacakciligi-operasyonu-8-gozalti","status":"publish","type":"post","link":"https:\/\/www.egemtv.com\/?p=73316","title":{"rendered":"Fethiye\u2019de tarihi eser ka\u00e7ak\u00e7\u0131l\u0131\u011f\u0131 operasyonu: 8 g\u00f6zalt\u0131"},"content":{"rendered":"<p>Fethiye\u2019de tarihi eser ka\u00e7ak\u00e7\u0131l\u0131\u011f\u0131na y\u00f6nelik ger\u00e7ekle\u015ftirilen operasyonda 8 ki\u015fi g\u00f6zalt\u0131na al\u0131nd\u0131.<br \/>\n<br \/>Fethiye Cumhuriyet Ba\u015fsavc\u0131l\u0131\u011f\u0131\u2019n\u0131n talimat\u0131yla \u0130l Emniyet M\u00fcd\u00fcrl\u00fc\u011f\u00fc Fethiye Ka\u00e7ak\u00e7\u0131l\u0131k ve Organize Su\u00e7larla M\u00fccadele B\u00fcro Amirli\u011fi ekipleri, tarihi eser ka\u00e7ak\u00e7\u0131l\u0131\u011f\u0131 yapt\u0131klar\u0131 de\u011ferlendirilen \u015f\u00fcphelilere y\u00f6nelik \u00e7al\u0131\u015fma ba\u015flatt\u0131. Belirlenen 10 adrese e\u015f zamanl\u0131 operasyon d\u00fczenleyen ekipler, 8 \u015f\u00fcpheliyi yakalayarak g\u00f6zalt\u0131na ald\u0131.<br \/>\n<br \/>Adreslerde yap\u0131lan aramalarda 6 adet dedekt\u00f6r ile par\u00e7alar halinde tarihi eser niteli\u011fi ta\u015f\u0131d\u0131\u011f\u0131 de\u011ferlendirilen \u00e7e\u015fitli objeler ele ge\u00e7irildi. G\u00f6zalt\u0131na al\u0131nan \u015f\u00fcphelilerin emniyetteki i\u015flemlerinin s\u00fcrd\u00fc\u011f\u00fc \u00f6\u011frenildi.<\/p>\n","protected":false},"excerpt":{"rendered":"<p>Fethiye\u2019de tarihi eser ka\u00e7ak\u00e7\u0131l\u0131\u011f\u0131na y\u00f6nelik ger\u00e7ekle\u015ftirilen operasyonda 8 ki\u015fi g\u00f6zalt\u0131na al\u0131nd\u0131. Fethiye Cumhuriyet Ba\u015fsavc\u0131l\u0131\u011f\u0131\u2019n\u0131n talimat\u0131yla \u0130l Emniyet M\u00fcd\u00fcrl\u00fc\u011f\u00fc Fethiye Ka\u00e7ak\u00e7\u0131l\u0131k ve Organize Su\u00e7larla M\u00fccadele B\u00fcro Amirli\u011fi ekipleri, tarihi eser ka\u00e7ak\u00e7\u0131l\u0131\u011f\u0131 yapt\u0131klar\u0131 de\u011ferlendirilen \u015f\u00fcphelilere y\u00f6nelik \u00e7al\u0131\u015fma ba\u015flatt\u0131. Belirlenen 10 adrese e\u015f zamanl\u0131 operasyon d\u00fczenleyen ekipler, 8 \u015f\u00fcpheliyi yakalayarak g\u00f6zalt\u0131na ald\u0131. Adreslerde yap\u0131lan aramalarda 6 adet dedekt\u00f6r&#8230;<\/p>\n","protected":false},"author":1,"featured_media":73317,"comment_status":"open","ping_status":"open","sticky":false,"template":"","format":"standard","meta":{"_crdt_document":"","footnotes":""},"categories":[5],"tags":[],"class_list":["post-73316","post","type-post","status-publish","format-standard","has-post-thumbnail","hentry","category-asayis"],"_links":{"self":[{"href":"https:\/\/www.egemtv.com\/index.php?rest_route=\/wp\/v2\/posts\/73316","targetHints":{"allow":["GET"]}}],"collection":[{"href":"https:\/\/www.egemtv.com\/index.php?rest_route=\/wp\/v2\/posts"}],"about":[{"href":"https:\/\/www.egemtv.com\/index.php?rest_route=\/wp\/v2\/types\/post"}],"author":[{"embeddable":true,"href":"https:\/\/www.egemtv.com\/index.php?rest_route=\/wp\/v2\/users\/1"}],"replies":[{"embeddable":true,"href":"https:\/\/www.egemtv.com\/index.php?rest_route=%2Fwp%2Fv2%2Fcomments&post=73316"}],"version-history":[{"count":1,"href":"https:\/\/www.egemtv.com\/index.php?rest_route=\/wp\/v2\/posts\/73316\/revisions"}],"predecessor-version":[{"id":73318,"href":"https:\/\/www.egemtv.com\/index.php?rest_route=\/wp\/v2\/posts\/73316\/revisions\/73318"}],"wp:featuredmedia":[{"embeddable":true,"href":"https:\/\/www.egemtv.com\/index.php?rest_route=\/wp\/v2\/media\/73317"}],"wp:attachment":[{"href":"https:\/\/www.egemtv.com\/index.php?rest_route=%2Fwp%2Fv2%2Fmedia&parent=73316"}],"wp:term":[{"taxonomy":"category","embeddable":true,"href":"https:\/\/www.egemtv.com\/index.php?rest_route=%2Fwp%2Fv2%2Fcategories&post=73316"},{"taxonomy":"post_tag","embeddable":true,"href":"https:\/\/www.egemtv.com\/index.php?rest_route=%2Fwp%2Fv2%2Ftags&post=73316"}],"curies":[{"name":"wp","href":"https:\/\/api.w.org\/{rel}","templated":true}]}}