{"id":73313,"date":"2025-12-10T16:14:46","date_gmt":"2025-12-10T13:14:46","guid":{"rendered":"https:\/\/www.egemtv.com\/?p=73313"},"modified":"2025-12-10T16:14:47","modified_gmt":"2025-12-10T13:14:47","slug":"polis-ekiplerinden-firariye-komsu-kiliginda-operasyon","status":"publish","type":"post","link":"https:\/\/www.egemtv.com\/?p=73313","title":{"rendered":"Polis ekiplerinden firariye \u2019kom\u015fu k\u0131l\u0131\u011f\u0131nda\u2019 operasyon"},"content":{"rendered":"<p>Ayd\u0131n\u2019\u0131n Nazilli il\u00e7esinde \u2019kasten yaralama\u2019 su\u00e7undan hakk\u0131nda 25 y\u0131l kesinle\u015fmi\u015f hapis cezas\u0131 bulunan ve 5 ayd\u0131r firari olarak aranan C.G., polis ekiplerinin \u2019alt kat kom\u015fu\u2019 k\u0131l\u0131\u011f\u0131yla ger\u00e7ekle\u015ftirdi\u011fi operasyonla k\u0131sk\u0131vrak yakaland\u0131.<br \/>\n<br \/>Edinilen bilgiye g\u00f6re, Ayd\u0131n \u0130l Emniyet M\u00fcd\u00fcrl\u00fc\u011f\u00fc Asayi\u015f \u015eube M\u00fcd\u00fcrl\u00fc\u011f\u00fc Aranan \u015eah\u0131slar B\u00fcro Amirli\u011fi ekipleri, uzun s\u00fcredir izini s\u00fcrd\u00fckleri ve \u2019kasten yaralama\u2019 su\u00e7undan 25 y\u0131l hapis cezas\u0131 bulunan C.G.\u2019nin Nazilli il\u00e7esinde sakland\u0131\u011f\u0131 adresi belirledi. Dikkat \u00e7ekmemek i\u00e7in ekipler kendilerini alt katta oturan kom\u015fu gibi tan\u0131tarak kap\u0131y\u0131 \u00e7ald\u0131. Polisin &#8220;Banyo su ak\u0131t\u0131yor kom\u015fu, bir bakar m\u0131s\u0131n?&#8221; s\u00f6zleri \u00fczerine kap\u0131y\u0131 a\u00e7an C.G. polis ekipleriyle burun buruna geldi. Firari \u015fah\u0131s etkisiz hale getirilerek g\u00f6zalt\u0131na al\u0131nd\u0131. Emniyetteki i\u015flemlerinin ard\u0131ndan \u015fah\u0131s Ayd\u0131n Adliyesi\u2019ne sevk edildi. Adliyeye sevki s\u0131ras\u0131nda gazetecilerin &#8220;Polisi kom\u015fu mu sand\u0131n\u0131z?&#8221; sorusuna C.G., &#8220;Hay\u0131r, kap\u0131y\u0131 bilerek a\u00e7t\u0131m&#8221; diyerek yan\u0131t verdi. \u00c7\u0131kar\u0131ld\u0131\u011f\u0131 adli mercilerce tutuklanan C.G. cezaevine g\u00f6nderildi.<br \/><\/p>\n","protected":false},"excerpt":{"rendered":"<p>Ayd\u0131n\u2019\u0131n Nazilli il\u00e7esinde \u2019kasten yaralama\u2019 su\u00e7undan hakk\u0131nda 25 y\u0131l kesinle\u015fmi\u015f hapis cezas\u0131 bulunan ve 5 ayd\u0131r firari olarak aranan C.G., polis ekiplerinin \u2019alt kat kom\u015fu\u2019 k\u0131l\u0131\u011f\u0131yla ger\u00e7ekle\u015ftirdi\u011fi operasyonla k\u0131sk\u0131vrak yakaland\u0131. Edinilen bilgiye g\u00f6re, Ayd\u0131n \u0130l Emniyet M\u00fcd\u00fcrl\u00fc\u011f\u00fc Asayi\u015f \u015eube M\u00fcd\u00fcrl\u00fc\u011f\u00fc Aranan \u015eah\u0131slar B\u00fcro Amirli\u011fi ekipleri, uzun s\u00fcredir izini s\u00fcrd\u00fckleri ve \u2019kasten yaralama\u2019 su\u00e7undan 25 y\u0131l&#8230;<\/p>\n","protected":false},"author":1,"featured_media":73314,"comment_status":"open","ping_status":"open","sticky":false,"template":"","format":"standard","meta":{"_crdt_document":"","footnotes":""},"categories":[5],"tags":[],"class_list":["post-73313","post","type-post","status-publish","format-standard","has-post-thumbnail","hentry","category-asayis"],"_links":{"self":[{"href":"https:\/\/www.egemtv.com\/index.php?rest_route=\/wp\/v2\/posts\/73313","targetHints":{"allow":["GET"]}}],"collection":[{"href":"https:\/\/www.egemtv.com\/index.php?rest_route=\/wp\/v2\/posts"}],"about":[{"href":"https:\/\/www.egemtv.com\/index.php?rest_route=\/wp\/v2\/types\/post"}],"author":[{"embeddable":true,"href":"https:\/\/www.egemtv.com\/index.php?rest_route=\/wp\/v2\/users\/1"}],"replies":[{"embeddable":true,"href":"https:\/\/www.egemtv.com\/index.php?rest_route=%2Fwp%2Fv2%2Fcomments&post=73313"}],"version-history":[{"count":1,"href":"https:\/\/www.egemtv.com\/index.php?rest_route=\/wp\/v2\/posts\/73313\/revisions"}],"predecessor-version":[{"id":73315,"href":"https:\/\/www.egemtv.com\/index.php?rest_route=\/wp\/v2\/posts\/73313\/revisions\/73315"}],"wp:featuredmedia":[{"embeddable":true,"href":"https:\/\/www.egemtv.com\/index.php?rest_route=\/wp\/v2\/media\/73314"}],"wp:attachment":[{"href":"https:\/\/www.egemtv.com\/index.php?rest_route=%2Fwp%2Fv2%2Fmedia&parent=73313"}],"wp:term":[{"taxonomy":"category","embeddable":true,"href":"https:\/\/www.egemtv.com\/index.php?rest_route=%2Fwp%2Fv2%2Fcategories&post=73313"},{"taxonomy":"post_tag","embeddable":true,"href":"https:\/\/www.egemtv.com\/index.php?rest_route=%2Fwp%2Fv2%2Ftags&post=73313"}],"curies":[{"name":"wp","href":"https:\/\/api.w.org\/{rel}","templated":true}]}}