{"id":73310,"date":"2025-12-10T16:14:45","date_gmt":"2025-12-10T13:14:45","guid":{"rendered":"https:\/\/www.egemtv.com\/?p=73310"},"modified":"2025-12-10T16:14:46","modified_gmt":"2025-12-10T13:14:46","slug":"mcbude-dunya-insan-haklari-gunu-paneli","status":"publish","type":"post","link":"https:\/\/www.egemtv.com\/?p=73310","title":{"rendered":"MCB\u00dc\u2019de D\u00fcnya \u0130nsan Haklar\u0131 G\u00fcn\u00fc paneli"},"content":{"rendered":"<p>Manisa Celal Bayar \u00dcniversitesi (MCB\u00dc) \u0130nsan Haklar\u0131n\u0131 G\u00fc\u00e7lendirme ve \u015eiddetle M\u00fccadele Uygulama ve Ara\u015ft\u0131rma Merkezi taraf\u0131ndan D\u00fcnya \u0130nsan Haklar\u0131 G\u00fcn\u00fc kapsam\u0131nda &#8220;\u0130nsan Haklar\u0131&#8221; konulu panel d\u00fczenlendi.<br \/>\n<br \/>Rekt\u00f6rl\u00fck Seminer Salonu\u2019nda yap\u0131lan panele \u00fcniversite akademisyenleri, \u00f6\u011frenciler ile Manisa Valili\u011fi \u0130l \u0130nsan Haklar\u0131 Kurulu \u00fcyeleri kat\u0131ld\u0131. Panelin moderat\u00f6rl\u00fc\u011f\u00fcn\u00fc \u0130\u015fletme Fak\u00fcltesi Dekan\u0131 Prof. Dr. Hatice Yurtsever \u00fcstlendi. Panelde, \u0130\u0130BF \u00f6\u011fretim \u00fcyesi Do\u00e7. Dr. Dilek Dulay Yang\u0131n, \u0130nsan ve Toplum Bilimleri Fak\u00fcltesi \u00f6\u011fretim \u00fcyesi Do\u00e7. Dr. Ceyhun Ak\u0131n Cengiz ve MCB\u00dc Engelli Dan\u0131\u015fma ve Koordinasyon Birimi Koordinat\u00f6r\u00fc Dr. \u00d6\u011fr. \u00dcyesi Mustafa \u00d6zhan Kala\u00e7 konu\u015fmac\u0131 olarak yer ald\u0131.<br \/>\n<br \/>Panelin a\u00e7\u0131l\u0131\u015f konu\u015fmas\u0131n\u0131 yapan Merkez M\u00fcd\u00fcr\u00fc Dr. \u00d6\u011fr. \u00dcyesi Seda Seyman, 10 Aral\u0131k 1948\u2019de kabul edilen \u0130nsan Haklar\u0131 Evrensel Bildirgesi\u2019nin &#8220;tarihi bir ad\u0131m&#8221; oldu\u011funu vurgulad\u0131. Bildirgenin t\u00fcm d\u00fcnyada \u0130nsan Haklar\u0131 G\u00fcn\u00fc olarak kutland\u0131\u011f\u0131n\u0131 hat\u0131rlatan Seyman, bu tarihin toplumun haklar konusunda bilgilendirilmesi i\u00e7in \u00f6nemli bir f\u0131rsat sundu\u011funu belirtti.<\/p>\n<p>&#8220;\u0130nsan haklar\u0131 sadece teorik bir kavram de\u011fil&#8221;<br \/>\n<br \/>Prof. Dr. Hatice Yurtsever ise insan haklar\u0131n\u0131n yaln\u0131zca teorik bir kavram olmad\u0131\u011f\u0131n\u0131, d\u00fcnyan\u0131n bir\u00e7ok b\u00f6lgesinde \u00e7at\u0131\u015fmalar, g\u00f6\u00e7ler, ayr\u0131mc\u0131l\u0131k ve \u015fiddetin s\u00fcrd\u00fc\u011f\u00fcn\u00fc kaydetti. Kad\u0131nlara ve \u00e7ocuklara y\u00f6nelik \u015fiddet, engelli bireylerin kar\u015f\u0131la\u015ft\u0131\u011f\u0131 zorluklar ve \u00e7al\u0131\u015fma hayat\u0131ndaki e\u015fitsizliklere dikkat \u00e7eken Yurtsever, &#8220;Haklar\u0131n korunmas\u0131 ve geli\u015ftirilmesi ad\u0131na sorumluluk almak zorunday\u0131z&#8221; dedi.<br \/>\n<br \/>Panelin ilk konu\u015fmac\u0131s\u0131 Do\u00e7. Dr. Dilek Dulay Yang\u0131n, T\u00fcrkiye \u0130nsan Haklar\u0131 ve E\u015fitlik Kurumu\u2019nun (T\u0130HEK) \u00e7al\u0131\u015fma hayat\u0131nda cinsiyete dayal\u0131 ayr\u0131mc\u0131l\u0131k konusundaki kararlar\u0131na de\u011findi. Hamilelik d\u00f6neminde kad\u0131nlar\u0131n u\u011frad\u0131\u011f\u0131 ayr\u0131mc\u0131l\u0131\u011f\u0131n h\u00e2l\u00e2 ciddi bir sorun oldu\u011funa dikkat \u00e7eken Yang\u0131n, i\u015fe al\u0131m\u0131n hamilelik gerek\u00e7esiyle durdurulmas\u0131, g\u00f6rev verilmemesi veya farkl\u0131 \u00e7al\u0131\u015fma ko\u015fullar\u0131n\u0131n uygulanmas\u0131n\u0131n ayr\u0131mc\u0131l\u0131k olarak de\u011ferlendirildi\u011fini, T\u0130HEK taraf\u0131ndan idari para cezalar\u0131 kesildi\u011fini belirtti.<br \/>\n<br \/>Do\u00e7. Dr. Ceyhun Ak\u0131n Cengiz ise &#8220;Yoksulluk ve \u0130nsan Haklar\u0131&#8221; ba\u015fl\u0131kl\u0131 sunumunda, yoksullu\u011fun bir insan haklar\u0131 ihlali oldu\u011funu vurgulad\u0131. Yoksul bireylerin ya\u015fam, sa\u011fl\u0131k, e\u011fitim ve bar\u0131nma gibi temel haklardan yeterince yararlanamad\u0131\u011f\u0131n\u0131 ifade eden Cengiz, yoksullu\u011fun ki\u015finin potansiyelini ortaya koymas\u0131n\u0131 engelledi\u011fini ve g\u00fcvencesiz bir ya\u015fam\u0131 zorunlu k\u0131ld\u0131\u011f\u0131n\u0131 s\u00f6yledi.<br \/>\n<br \/>T\u00fcrkiye Engelsiz Bili\u015fim Platformu Koordinat\u00f6r\u00fc ve MCB\u00dc \u00d6\u011fretim \u00dcyesi Dr. Mustafa \u00d6zhan Kala\u00e7, T\u00fcrkiye\u2019nin engelli haklar\u0131 alan\u0131ndaki d\u00f6n\u00fc\u015f\u00fcm\u00fcn\u00fc ele ald\u0131. 2005 tarihli Engelliler Kanunu ile engellilik anlay\u0131\u015f\u0131nda hak temelli bir yakla\u015f\u0131m\u0131n benimsendi\u011fini belirten Kala\u00e7, 2009\u2019da BM Engelli Haklar\u0131 S\u00f6zle\u015fmesi\u2019nin onaylanmas\u0131yla &#8220;makul d\u00fczenleme, ba\u011f\u0131ms\u0131z ya\u015fam ve kat\u0131l\u0131m&#8221; gibi kavramlar\u0131n ulusal politikalara yerle\u015fti\u011fini ifade etti. T\u00fcrkiye\u2019nin 2030 Engelsiz Vizyon Belgesi ile eri\u015filebilirlik, afet durumlar\u0131, kamusal hizmetler ve istihdam alanlar\u0131nda \u00f6nemli ilerlemeler kaydetti\u011fini aktard\u0131.<br \/>\n<br \/>Panel, Prof. Dr. Hatice Yurtsever ve Dr. \u00d6\u011fr. \u00dcyesi Seda Seyman\u2019\u0131n panelistlere te\u015fekk\u00fcr belgelerini takdim etmesinin ard\u0131ndan kat\u0131l\u0131mc\u0131lar\u0131n sorular\u0131n\u0131n cevaplanmas\u0131yla sona erdi.<br \/><\/p>\n","protected":false},"excerpt":{"rendered":"<p>Manisa Celal Bayar \u00dcniversitesi (MCB\u00dc) \u0130nsan Haklar\u0131n\u0131 G\u00fc\u00e7lendirme ve \u015eiddetle M\u00fccadele Uygulama ve Ara\u015ft\u0131rma Merkezi taraf\u0131ndan D\u00fcnya \u0130nsan Haklar\u0131 G\u00fcn\u00fc kapsam\u0131nda &#8220;\u0130nsan Haklar\u0131&#8221; konulu panel d\u00fczenlendi. Rekt\u00f6rl\u00fck Seminer Salonu\u2019nda yap\u0131lan panele \u00fcniversite akademisyenleri, \u00f6\u011frenciler ile Manisa Valili\u011fi \u0130l \u0130nsan Haklar\u0131 Kurulu \u00fcyeleri kat\u0131ld\u0131. Panelin moderat\u00f6rl\u00fc\u011f\u00fcn\u00fc \u0130\u015fletme Fak\u00fcltesi Dekan\u0131 Prof. Dr. Hatice Yurtsever \u00fcstlendi. Panelde, \u0130\u0130BF&#8230;<\/p>\n","protected":false},"author":1,"featured_media":73311,"comment_status":"open","ping_status":"open","sticky":false,"template":"","format":"standard","meta":{"_crdt_document":"","footnotes":""},"categories":[1],"tags":[],"class_list":["post-73310","post","type-post","status-publish","format-standard","has-post-thumbnail","hentry","category-guncel"],"_links":{"self":[{"href":"https:\/\/www.egemtv.com\/index.php?rest_route=\/wp\/v2\/posts\/73310","targetHints":{"allow":["GET"]}}],"collection":[{"href":"https:\/\/www.egemtv.com\/index.php?rest_route=\/wp\/v2\/posts"}],"about":[{"href":"https:\/\/www.egemtv.com\/index.php?rest_route=\/wp\/v2\/types\/post"}],"author":[{"embeddable":true,"href":"https:\/\/www.egemtv.com\/index.php?rest_route=\/wp\/v2\/users\/1"}],"replies":[{"embeddable":true,"href":"https:\/\/www.egemtv.com\/index.php?rest_route=%2Fwp%2Fv2%2Fcomments&post=73310"}],"version-history":[{"count":1,"href":"https:\/\/www.egemtv.com\/index.php?rest_route=\/wp\/v2\/posts\/73310\/revisions"}],"predecessor-version":[{"id":73312,"href":"https:\/\/www.egemtv.com\/index.php?rest_route=\/wp\/v2\/posts\/73310\/revisions\/73312"}],"wp:featuredmedia":[{"embeddable":true,"href":"https:\/\/www.egemtv.com\/index.php?rest_route=\/wp\/v2\/media\/73311"}],"wp:attachment":[{"href":"https:\/\/www.egemtv.com\/index.php?rest_route=%2Fwp%2Fv2%2Fmedia&parent=73310"}],"wp:term":[{"taxonomy":"category","embeddable":true,"href":"https:\/\/www.egemtv.com\/index.php?rest_route=%2Fwp%2Fv2%2Fcategories&post=73310"},{"taxonomy":"post_tag","embeddable":true,"href":"https:\/\/www.egemtv.com\/index.php?rest_route=%2Fwp%2Fv2%2Ftags&post=73310"}],"curies":[{"name":"wp","href":"https:\/\/api.w.org\/{rel}","templated":true}]}}