{"id":73307,"date":"2025-12-10T16:14:44","date_gmt":"2025-12-10T13:14:44","guid":{"rendered":"https:\/\/www.egemtv.com\/?p=73307"},"modified":"2025-12-10T16:14:45","modified_gmt":"2025-12-10T13:14:45","slug":"polisin-bir-haftalik-denetim-raporu-aciklandi-2","status":"publish","type":"post","link":"https:\/\/www.egemtv.com\/?p=73307","title":{"rendered":"Polisin bir haftal\u0131k denetim raporu a\u00e7\u0131kland\u0131"},"content":{"rendered":"<p>Afyonkarahisar\u2019da polis taraf\u0131ndan yap\u0131lan denetimlerde \u00e7e\u015fitli su\u00e7lardan aranan 16 ki\u015fi yakalan\u0131rken, denetimlerde ayr\u0131ca uyu\u015fturucu maddeler, silah ve b\u0131\u00e7ak da ele ge\u00e7irildi.<br \/>\n<br \/>Afyonkarahisar \u0130l Emniyet M\u00fcd\u00fcrl\u00fc\u011f\u00fcne ba\u011fl\u0131 ekipler taraf\u0131ndan son bir hafta i\u00e7erisinde polis taraf\u0131ndan ger\u00e7ekle\u015ftirilen denetimlerle ilgili a\u00e7\u0131klama yap\u0131ld\u0131. A\u00e7\u0131klamada, &#8220;Denetimlerde \u00e7e\u015fitli su\u00e7lardan aranan 16 ki\u015fi yakalan\u0131rken, 8 bin 356 \u015fah\u0131s ve 2 bin 303 arac\u0131n sorgusu yap\u0131lm\u0131\u015ft\u0131r. Denetimlerde ayr\u0131ca 2 kurus\u0131k\u0131 tabanca, 1 t\u00fcfek, 29 b\u0131\u00e7ak (29 \u015fahsa 85.637 TL idari yapt\u0131r\u0131m),<br \/>\n<br \/>171 adet sentetik ecza maddesi ve 6 adet uyu\u015fturucu madde emdirilmi\u015f pe\u00e7ete ile de\u011fi\u015fik t\u00fcr ve miktarlarda uyu\u015fturucu maddeler ele ge\u00e7irilmi\u015ftir&#8221; ifadelerine yer verildi.<br \/><\/p>\n","protected":false},"excerpt":{"rendered":"<p>Afyonkarahisar\u2019da polis taraf\u0131ndan yap\u0131lan denetimlerde \u00e7e\u015fitli su\u00e7lardan aranan 16 ki\u015fi yakalan\u0131rken, denetimlerde ayr\u0131ca uyu\u015fturucu maddeler, silah ve b\u0131\u00e7ak da ele ge\u00e7irildi. Afyonkarahisar \u0130l Emniyet M\u00fcd\u00fcrl\u00fc\u011f\u00fcne ba\u011fl\u0131 ekipler taraf\u0131ndan son bir hafta i\u00e7erisinde polis taraf\u0131ndan ger\u00e7ekle\u015ftirilen denetimlerle ilgili a\u00e7\u0131klama yap\u0131ld\u0131. A\u00e7\u0131klamada, &#8220;Denetimlerde \u00e7e\u015fitli su\u00e7lardan aranan 16 ki\u015fi yakalan\u0131rken, 8 bin 356 \u015fah\u0131s ve 2 bin 303&#8230;<\/p>\n","protected":false},"author":1,"featured_media":73308,"comment_status":"open","ping_status":"open","sticky":false,"template":"","format":"standard","meta":{"_crdt_document":"","footnotes":""},"categories":[5],"tags":[],"class_list":["post-73307","post","type-post","status-publish","format-standard","has-post-thumbnail","hentry","category-asayis"],"_links":{"self":[{"href":"https:\/\/www.egemtv.com\/index.php?rest_route=\/wp\/v2\/posts\/73307","targetHints":{"allow":["GET"]}}],"collection":[{"href":"https:\/\/www.egemtv.com\/index.php?rest_route=\/wp\/v2\/posts"}],"about":[{"href":"https:\/\/www.egemtv.com\/index.php?rest_route=\/wp\/v2\/types\/post"}],"author":[{"embeddable":true,"href":"https:\/\/www.egemtv.com\/index.php?rest_route=\/wp\/v2\/users\/1"}],"replies":[{"embeddable":true,"href":"https:\/\/www.egemtv.com\/index.php?rest_route=%2Fwp%2Fv2%2Fcomments&post=73307"}],"version-history":[{"count":1,"href":"https:\/\/www.egemtv.com\/index.php?rest_route=\/wp\/v2\/posts\/73307\/revisions"}],"predecessor-version":[{"id":73309,"href":"https:\/\/www.egemtv.com\/index.php?rest_route=\/wp\/v2\/posts\/73307\/revisions\/73309"}],"wp:featuredmedia":[{"embeddable":true,"href":"https:\/\/www.egemtv.com\/index.php?rest_route=\/wp\/v2\/media\/73308"}],"wp:attachment":[{"href":"https:\/\/www.egemtv.com\/index.php?rest_route=%2Fwp%2Fv2%2Fmedia&parent=73307"}],"wp:term":[{"taxonomy":"category","embeddable":true,"href":"https:\/\/www.egemtv.com\/index.php?rest_route=%2Fwp%2Fv2%2Fcategories&post=73307"},{"taxonomy":"post_tag","embeddable":true,"href":"https:\/\/www.egemtv.com\/index.php?rest_route=%2Fwp%2Fv2%2Ftags&post=73307"}],"curies":[{"name":"wp","href":"https:\/\/api.w.org\/{rel}","templated":true}]}}