{"id":73304,"date":"2025-12-10T16:14:43","date_gmt":"2025-12-10T13:14:43","guid":{"rendered":"https:\/\/www.egemtv.com\/?p=73304"},"modified":"2025-12-10T16:14:43","modified_gmt":"2025-12-10T13:14:43","slug":"afad-aydin-il-muduru-yalcin-baskan-arikanla-gorustu","status":"publish","type":"post","link":"https:\/\/www.egemtv.com\/?p=73304","title":{"rendered":"AFAD Ayd\u0131n \u0130l M\u00fcd\u00fcr\u00fc Yal\u00e7\u0131n, Ba\u015fkan Ar\u0131kan\u2019la g\u00f6r\u00fc\u015ft\u00fc"},"content":{"rendered":"<p>AFAD Ayd\u0131n \u0130l M\u00fcd\u00fcr\u00fc Yal\u00e7\u0131n Mumcu, S\u00f6ke Belediye Ba\u015fkan\u0131 Dr. Mustafa \u0130berya Ar\u0131kan\u2019\u0131 makam\u0131nda ziyaret etti. Ger\u00e7ekle\u015fen ziyarette kentte afet y\u00f6netimi, koordinasyon s\u00fcre\u00e7leri ve risklere kar\u015f\u0131 i\u015f birli\u011finin g\u00fc\u00e7lendirilmesi konular\u0131 ele al\u0131nd\u0131.<\/p>\n<p>Ba\u015fkan Ar\u0131kan, AFAD\u2019\u0131n y\u00fcr\u00fctt\u00fc\u011f\u00fc \u00e7al\u0131\u015fmalar\u0131n \u00f6nemine dikkat \u00e7ekerek kurumlar aras\u0131 dayan\u0131\u015fman\u0131n afetlere haz\u0131rl\u0131k a\u00e7\u0131s\u0131ndan b\u00fcy\u00fck \u00f6nem ta\u015f\u0131d\u0131\u011f\u0131n\u0131 belirtti. \u0130l M\u00fcd\u00fcr\u00fc Mumcu ise misafirperverli\u011fi i\u00e7in Ba\u015fkan Ar\u0131kan\u2019a te\u015fekk\u00fcr ederken, S\u00f6ke\u2019de afet fark\u0131ndal\u0131\u011f\u0131n\u0131n art\u0131r\u0131lmas\u0131 ve e\u011fitim faaliyetlerinin s\u00fcrd\u00fcr\u00fclmesine y\u00f6nelik g\u00f6r\u00fc\u015f al\u0131\u015fveri\u015finde bulunuldu.<\/p>\n<p>Ayr\u0131ca \u0130l M\u00fcd\u00fcr\u00fc Yal\u00e7\u0131n Mumcu, Ba\u015fkan Ar\u0131kan\u2019a; Ayd\u0131n Valisi Yakup Canbolat imzal\u0131 bir te\u015fekk\u00fcr belgesi taktim etti. Te\u015fekk\u00fcr belgesinde; &#8220;2025 y\u0131l\u0131nda ilimizde meydana gelen orman yang\u0131nlar\u0131yla m\u00fccadelede sergiledi\u011finiz kararl\u0131 duru\u015f, \u00fcst\u00fcn hizmet anlay\u0131\u015f\u0131 ve etkin koordinasyon; ormanlar\u0131m\u0131z\u0131n ve do\u011fal varl\u0131klar\u0131m\u0131z\u0131n korunmas\u0131na \u00f6nemli katk\u0131 sa\u011flam\u0131\u015ft\u0131r. Zorlu \u015fartlarda g\u00f6stermi\u015f oldu\u011funuz \u00f6zverili \u00e7al\u0131\u015fmalar dolay\u0131s\u0131yla te\u015fekk\u00fcr eder, ba\u015far\u0131l\u0131 \u00e7al\u0131\u015fmalar\u0131n\u0131z\u0131n devam\u0131n\u0131 dilerim&#8221; ifadeleri yer ald\u0131.<br \/><\/p>\n","protected":false},"excerpt":{"rendered":"<p>AFAD Ayd\u0131n \u0130l M\u00fcd\u00fcr\u00fc Yal\u00e7\u0131n Mumcu, S\u00f6ke Belediye Ba\u015fkan\u0131 Dr. Mustafa \u0130berya Ar\u0131kan\u2019\u0131 makam\u0131nda ziyaret etti. Ger\u00e7ekle\u015fen ziyarette kentte afet y\u00f6netimi, koordinasyon s\u00fcre\u00e7leri ve risklere kar\u015f\u0131 i\u015f birli\u011finin g\u00fc\u00e7lendirilmesi konular\u0131 ele al\u0131nd\u0131. Ba\u015fkan Ar\u0131kan, AFAD\u2019\u0131n y\u00fcr\u00fctt\u00fc\u011f\u00fc \u00e7al\u0131\u015fmalar\u0131n \u00f6nemine dikkat \u00e7ekerek kurumlar aras\u0131 dayan\u0131\u015fman\u0131n afetlere haz\u0131rl\u0131k a\u00e7\u0131s\u0131ndan b\u00fcy\u00fck \u00f6nem ta\u015f\u0131d\u0131\u011f\u0131n\u0131 belirtti. \u0130l M\u00fcd\u00fcr\u00fc Mumcu ise misafirperverli\u011fi&#8230;<\/p>\n","protected":false},"author":1,"featured_media":73305,"comment_status":"open","ping_status":"open","sticky":false,"template":"","format":"standard","meta":{"_crdt_document":"","footnotes":""},"categories":[1],"tags":[],"class_list":["post-73304","post","type-post","status-publish","format-standard","has-post-thumbnail","hentry","category-guncel"],"_links":{"self":[{"href":"https:\/\/www.egemtv.com\/index.php?rest_route=\/wp\/v2\/posts\/73304","targetHints":{"allow":["GET"]}}],"collection":[{"href":"https:\/\/www.egemtv.com\/index.php?rest_route=\/wp\/v2\/posts"}],"about":[{"href":"https:\/\/www.egemtv.com\/index.php?rest_route=\/wp\/v2\/types\/post"}],"author":[{"embeddable":true,"href":"https:\/\/www.egemtv.com\/index.php?rest_route=\/wp\/v2\/users\/1"}],"replies":[{"embeddable":true,"href":"https:\/\/www.egemtv.com\/index.php?rest_route=%2Fwp%2Fv2%2Fcomments&post=73304"}],"version-history":[{"count":1,"href":"https:\/\/www.egemtv.com\/index.php?rest_route=\/wp\/v2\/posts\/73304\/revisions"}],"predecessor-version":[{"id":73306,"href":"https:\/\/www.egemtv.com\/index.php?rest_route=\/wp\/v2\/posts\/73304\/revisions\/73306"}],"wp:featuredmedia":[{"embeddable":true,"href":"https:\/\/www.egemtv.com\/index.php?rest_route=\/wp\/v2\/media\/73305"}],"wp:attachment":[{"href":"https:\/\/www.egemtv.com\/index.php?rest_route=%2Fwp%2Fv2%2Fmedia&parent=73304"}],"wp:term":[{"taxonomy":"category","embeddable":true,"href":"https:\/\/www.egemtv.com\/index.php?rest_route=%2Fwp%2Fv2%2Fcategories&post=73304"},{"taxonomy":"post_tag","embeddable":true,"href":"https:\/\/www.egemtv.com\/index.php?rest_route=%2Fwp%2Fv2%2Ftags&post=73304"}],"curies":[{"name":"wp","href":"https:\/\/api.w.org\/{rel}","templated":true}]}}