{"id":73301,"date":"2025-12-10T15:55:02","date_gmt":"2025-12-10T12:55:02","guid":{"rendered":"https:\/\/www.egemtv.com\/?p=73301"},"modified":"2025-12-10T15:55:03","modified_gmt":"2025-12-10T12:55:03","slug":"kayip-bas-cinayetinde-supheliler-olaydan-sonra-yeniden-bolgeye-donmus","status":"publish","type":"post","link":"https:\/\/www.egemtv.com\/?p=73301","title":{"rendered":"Kay\u0131p ba\u015f cinayetinde \u015f\u00fcpheliler olaydan sonra yeniden b\u00f6lgeye d\u00f6nm\u00fc\u015f"},"content":{"rendered":"<p>Isparta\u2019da ba\u015fs\u0131z halde cesedi bulunan Ferdi \u00d6zdemir\u2019in kay\u0131p ba\u015f\u0131n\u0131 arama \u00e7al\u0131\u015fmalar\u0131 6\u2019nc\u0131 g\u00fcn\u00fcnde s\u00fcrerken, olay yerini uzaktan g\u00f6ren bir g\u00fcvenlik kameras\u0131 kayd\u0131 tespit edildi. Kay\u0131tlarda arac\u0131n ki\u015fi ya da ki\u015filer taraf\u0131ndan el fenerleriyle durduruldu\u011fu ve ard\u0131ndan yak\u0131ld\u0131\u011f\u0131 anlar\u0131n g\u00f6r\u00fcld\u00fc\u011f\u00fc, ancak g\u00f6r\u00fcnt\u00fclerin uzakl\u0131k ve karanl\u0131k nedeniyle hem plakalar\u0131 hem de \u015f\u00fcphelileri net g\u00f6stermedi\u011fi kaydedildi. \u015e\u00fcphelilerin olaydan sonra b\u00f6lgeden ayr\u0131l\u0131p k\u0131sa s\u00fcre sonra yeniden olay yerine d\u00f6nd\u00fcklerinin tespit edilmesi ise ba\u015f\u0131n olay sonras\u0131 al\u0131nd\u0131\u011f\u0131 ihtimalini g\u00fc\u00e7lendirdi. Olayla ilgili g\u00f6zalt\u0131na al\u0131nan 5 \u015f\u00fcpheli, \u00e7\u0131kar\u0131ld\u0131klar\u0131 mahkemece adli kontrol \u015fart\u0131yla serbest b\u0131rak\u0131ld\u0131.<br \/>\n<br \/>Isparta\u2019n\u0131n Ke\u00e7iborlu il\u00e7esine ba\u011fl\u0131 Aydo\u011fmu\u015f k\u00f6y\u00fcnde 4 Aral\u0131k Per\u015fembe g\u00fcn\u00fc ak\u015fam meydana gelen olayda, vatanda\u015flar da\u011fl\u0131k alanda yanm\u0131\u015f bir arac\u0131n yak\u0131n\u0131nda hareketsiz halde bir ki\u015fi g\u00f6r\u00fcnce durumu 112 Acil \u00c7a\u011fr\u0131 Merkezi\u2019ne bildirdi. Olay yerine gelen jandarma ekipleri, ba\u015f k\u0131sm\u0131 olmayan erkek cesedinin, k\u00f6yde kay\u0131p olarak aranan 39 ya\u015f\u0131ndaki \u00e7oban Ferdi \u00d6zdemir\u2019e ait oldu\u011funu belirledi. Yak\u0131nlar\u0131n\u0131n te\u015fhisiyle kimlik do\u011fruland\u0131. Jandarma, \u00d6zdemir\u2019in cenazesinin otopsi i\u00e7in morga kald\u0131r\u0131lmas\u0131n\u0131n ard\u0131ndan geni\u015f \u00e7apl\u0131 soru\u015fturma ba\u015flatt\u0131. Otopsi raporunda \u00d6zdemir\u2019in g\u00f6\u011fs\u00fcnde \u00fc\u00e7, bel k\u0131sm\u0131nda iki b\u0131\u00e7ak darbesi tespit edildi.<\/p>\n<p>Son g\u00f6r\u00fcnt\u00fcleri ortaya \u00e7\u0131kt\u0131<br \/>\n<br \/>Olay g\u00fcn\u00fc ak\u015fama ait g\u00fcvenlik kameras\u0131 g\u00f6r\u00fcnt\u00fclerinde \u00d6zdemir\u2019in saat 19.55\u2019te markete girip al\u0131\u015fveri\u015f yapt\u0131ktan sonra k\u00f6yden ayr\u0131ld\u0131\u011f\u0131 g\u00f6r\u00fcld\u00fc.<\/p>\n<p>Aramalar hem arazide hem k\u00f6yde s\u00fcr\u00fcyor<br \/>\n<br \/>Olay\u0131n sabah saatlerinde kay\u0131p ba\u015f\u0131 bulmak i\u00e7in \u00f6zel kadavra k\u00f6pekleri, arama dedekt\u00f6rleri ve komando birlikleriyle arazide \u00e7al\u0131\u015fma yap\u0131ld\u0131. \u00d6\u011fleden sonra ise k\u00f6yde \u015f\u00fcpheli g\u00f6r\u00fclen baz\u0131 evlerde aramalar ger\u00e7ekle\u015ftirildi. Olayla ilgili g\u00f6zalt\u0131na al\u0131nan 4 ki\u015fi ilk a\u015famada sorguland\u0131. Ard\u0131ndan g\u00f6zalt\u0131na al\u0131nan 5 \u015f\u00fcpheli, sevk edildikleri mahkemece adli kontrol \u015fart\u0131yla serbest b\u0131rak\u0131ld\u0131.<\/p>\n<p>Vali Erin: &#8220;Hunharca i\u015flenen bir cinayet&#8221;<br \/>\n<br \/>Ailenin evine taziye ziyaretinde bulunan Isparta Valisi Abdullah Erin, &#8220;Ferdi karde\u015fimiz v\u00fccut b\u00fct\u00fcnl\u00fc\u011f\u00fc bozularak hunharca i\u015flenen bir cinayete kurban gitti. T\u00fcm ihtimaller titizlikle ara\u015ft\u0131r\u0131l\u0131yor. Bu cinayet ayd\u0131nlat\u0131l\u0131ncaya kadar bize uyku haram&#8221; dedi.<\/p>\n<p>Olay\u0131 g\u00f6ren uzaktan kamera kay\u0131tlar\u0131 ortaya \u00e7\u0131kt\u0131<br \/>\n<br \/>Olay b\u00f6lgesini \u00e7ok uzaktan g\u00f6ren bir g\u00fcvenlik kameras\u0131 kayd\u0131nda, \u00d6zdemir\u2019in arac\u0131n\u0131n ki\u015fi ya da ki\u015filerce el fenerleriyle \u00f6n\u00fc kesilerek durduruldu\u011fu ve ard\u0131ndan arac\u0131n yak\u0131ld\u0131\u011f\u0131 anlar\u0131n net \u015fekilde g\u00f6r\u00fcld\u00fc\u011f\u00fc bildirildi. Ancak kameran\u0131n \u00e7ok uzakta olmas\u0131 ve olay\u0131n ak\u015fam saatlerinde meydana gelmesi nedeniyle, arac\u0131 durduran di\u011fer arac\u0131n plakas\u0131n\u0131n ve olay\u0131 ger\u00e7ekle\u015ftiren ki\u015filerin belirgin \u015fekilde se\u00e7ilemedi\u011fi ifade edildi. Kay\u0131tlarda ayr\u0131ca \u015f\u00fcpheli ya da \u015f\u00fcphelilerin olay yerinden uzakla\u015ft\u0131ktan bir s\u00fcre sonra yeniden b\u00f6lgeye d\u00f6nd\u00fckleri, birka\u00e7 dakika kald\u0131ktan sonra tekrar ayr\u0131ld\u0131klar\u0131 tespit edildi. Bu durum, kay\u0131p ba\u015f\u0131n olay sonras\u0131 olay yerinden al\u0131nm\u0131\u015f olabilece\u011fi ihtimalini g\u00fc\u00e7lendirdi. Olayla ilgili soru\u015fturma s\u00fcr\u00fcyor.<br \/><\/p>\n","protected":false},"excerpt":{"rendered":"<p>Isparta\u2019da ba\u015fs\u0131z halde cesedi bulunan Ferdi \u00d6zdemir\u2019in kay\u0131p ba\u015f\u0131n\u0131 arama \u00e7al\u0131\u015fmalar\u0131 6\u2019nc\u0131 g\u00fcn\u00fcnde s\u00fcrerken, olay yerini uzaktan g\u00f6ren bir g\u00fcvenlik kameras\u0131 kayd\u0131 tespit edildi. Kay\u0131tlarda arac\u0131n ki\u015fi ya da ki\u015filer taraf\u0131ndan el fenerleriyle durduruldu\u011fu ve ard\u0131ndan yak\u0131ld\u0131\u011f\u0131 anlar\u0131n g\u00f6r\u00fcld\u00fc\u011f\u00fc, ancak g\u00f6r\u00fcnt\u00fclerin uzakl\u0131k ve karanl\u0131k nedeniyle hem plakalar\u0131 hem de \u015f\u00fcphelileri net g\u00f6stermedi\u011fi kaydedildi. \u015e\u00fcphelilerin olaydan&#8230;<\/p>\n","protected":false},"author":1,"featured_media":73302,"comment_status":"open","ping_status":"open","sticky":false,"template":"","format":"standard","meta":{"_crdt_document":"","footnotes":""},"categories":[5],"tags":[],"class_list":["post-73301","post","type-post","status-publish","format-standard","has-post-thumbnail","hentry","category-asayis"],"_links":{"self":[{"href":"https:\/\/www.egemtv.com\/index.php?rest_route=\/wp\/v2\/posts\/73301","targetHints":{"allow":["GET"]}}],"collection":[{"href":"https:\/\/www.egemtv.com\/index.php?rest_route=\/wp\/v2\/posts"}],"about":[{"href":"https:\/\/www.egemtv.com\/index.php?rest_route=\/wp\/v2\/types\/post"}],"author":[{"embeddable":true,"href":"https:\/\/www.egemtv.com\/index.php?rest_route=\/wp\/v2\/users\/1"}],"replies":[{"embeddable":true,"href":"https:\/\/www.egemtv.com\/index.php?rest_route=%2Fwp%2Fv2%2Fcomments&post=73301"}],"version-history":[{"count":1,"href":"https:\/\/www.egemtv.com\/index.php?rest_route=\/wp\/v2\/posts\/73301\/revisions"}],"predecessor-version":[{"id":73303,"href":"https:\/\/www.egemtv.com\/index.php?rest_route=\/wp\/v2\/posts\/73301\/revisions\/73303"}],"wp:featuredmedia":[{"embeddable":true,"href":"https:\/\/www.egemtv.com\/index.php?rest_route=\/wp\/v2\/media\/73302"}],"wp:attachment":[{"href":"https:\/\/www.egemtv.com\/index.php?rest_route=%2Fwp%2Fv2%2Fmedia&parent=73301"}],"wp:term":[{"taxonomy":"category","embeddable":true,"href":"https:\/\/www.egemtv.com\/index.php?rest_route=%2Fwp%2Fv2%2Fcategories&post=73301"},{"taxonomy":"post_tag","embeddable":true,"href":"https:\/\/www.egemtv.com\/index.php?rest_route=%2Fwp%2Fv2%2Ftags&post=73301"}],"curies":[{"name":"wp","href":"https:\/\/api.w.org\/{rel}","templated":true}]}}