{"id":73040,"date":"2025-12-09T14:35:47","date_gmt":"2025-12-09T11:35:47","guid":{"rendered":"https:\/\/www.egemtv.com\/?p=73040"},"modified":"2025-12-09T14:35:48","modified_gmt":"2025-12-09T11:35:48","slug":"olimpiyat-madalyali-judocuya-kaymakam-guldogandan-plaket","status":"publish","type":"post","link":"https:\/\/www.egemtv.com\/?p=73040","title":{"rendered":"Olimpiyat madalyal\u0131 judocuya Kaymakam G\u00fcldo\u011fan\u2019dan plaket"},"content":{"rendered":"<p>Salihli Kaymakam\u0131 Ali G\u00fcldo\u011fan, Japonya\u2019n\u0131n Tokyo kentinde d\u00fczenlenen 25. \u0130\u015fitme Engelliler Yaz Olimpiyat Oyunlar\u0131\u2019nda 78 kilo kategorisinde bronz madalya kazanarak b\u00fcy\u00fck bir ba\u015far\u0131ya imza atan Salihlili milli judocu Yadigar Talayhan\u2019\u0131 makam\u0131nda a\u011f\u0131rlayarak ba\u015far\u0131s\u0131ndan dolay\u0131 plaket takdim etti.<br \/>\n<br \/>Salihli \u0130l\u00e7e Gen\u00e7lik ve Spor M\u00fcd\u00fcr\u00fc Oktay Ayaz\u2019\u0131n da yer ald\u0131\u011f\u0131 ziyarette Kaymakam Ali G\u00fcldo\u011fan, milli sporcu Yadigar Talayhan\u2019\u0131 tebrik ederek kendisine plaket takdim etti. Talayhan\u2019\u0131n elde etti\u011fi olimpiyat derecesinin hem T\u00fcrkiye hem de Salihli gen\u00e7li\u011fi i\u00e7in gurur verici oldu\u011funu dile getiren G\u00fcldo\u011fan,&#8221;Yadigar\u2019\u0131n Tokyo\u2019da g\u00f6sterdi\u011fi \u00fcst\u00fcn performans, gen\u00e7 sporcular\u0131m\u0131za ilham veren \u00e7ok de\u011ferli bir ba\u015far\u0131d\u0131r. Kendisini y\u00fcrekten tebrik ediyor, ba\u015far\u0131lar\u0131n\u0131n devam\u0131n\u0131 diliyorum.&#8221; ifadelerini kulland\u0131.<br \/>\n<br \/>Olimpik organizasyonda y\u00fczlerce sporcu aras\u0131nda g\u00fc\u00e7l\u00fc performans\u0131yla \u00f6ne \u00e7\u0131kan 1922 Salihli Gen\u00e7lik Spor Kul\u00fcb\u00fc sporcusu Yadigar Talayhan ise nazik kabulleri i\u00e7in Kaymakam G\u00fcldo\u011fan\u2019a te\u015fekk\u00fcr ederek, ba\u015far\u0131lar\u0131n\u0131 daha ileriye ta\u015f\u0131mak i\u00e7in \u00e7al\u0131\u015fmalar\u0131n\u0131 kararl\u0131l\u0131kla s\u00fcrd\u00fcrece\u011fini belirtti.<br \/><\/p>\n","protected":false},"excerpt":{"rendered":"<p>Salihli Kaymakam\u0131 Ali G\u00fcldo\u011fan, Japonya\u2019n\u0131n Tokyo kentinde d\u00fczenlenen 25. \u0130\u015fitme Engelliler Yaz Olimpiyat Oyunlar\u0131\u2019nda 78 kilo kategorisinde bronz madalya kazanarak b\u00fcy\u00fck bir ba\u015far\u0131ya imza atan Salihlili milli judocu Yadigar Talayhan\u2019\u0131 makam\u0131nda a\u011f\u0131rlayarak ba\u015far\u0131s\u0131ndan dolay\u0131 plaket takdim etti. Salihli \u0130l\u00e7e Gen\u00e7lik ve Spor M\u00fcd\u00fcr\u00fc Oktay Ayaz\u2019\u0131n da yer ald\u0131\u011f\u0131 ziyarette Kaymakam Ali G\u00fcldo\u011fan, milli sporcu Yadigar&#8230;<\/p>\n","protected":false},"author":1,"featured_media":73041,"comment_status":"open","ping_status":"open","sticky":false,"template":"","format":"standard","meta":{"_crdt_document":"","footnotes":""},"categories":[4],"tags":[],"class_list":["post-73040","post","type-post","status-publish","format-standard","has-post-thumbnail","hentry","category-spor"],"_links":{"self":[{"href":"https:\/\/www.egemtv.com\/index.php?rest_route=\/wp\/v2\/posts\/73040","targetHints":{"allow":["GET"]}}],"collection":[{"href":"https:\/\/www.egemtv.com\/index.php?rest_route=\/wp\/v2\/posts"}],"about":[{"href":"https:\/\/www.egemtv.com\/index.php?rest_route=\/wp\/v2\/types\/post"}],"author":[{"embeddable":true,"href":"https:\/\/www.egemtv.com\/index.php?rest_route=\/wp\/v2\/users\/1"}],"replies":[{"embeddable":true,"href":"https:\/\/www.egemtv.com\/index.php?rest_route=%2Fwp%2Fv2%2Fcomments&post=73040"}],"version-history":[{"count":1,"href":"https:\/\/www.egemtv.com\/index.php?rest_route=\/wp\/v2\/posts\/73040\/revisions"}],"predecessor-version":[{"id":73042,"href":"https:\/\/www.egemtv.com\/index.php?rest_route=\/wp\/v2\/posts\/73040\/revisions\/73042"}],"wp:featuredmedia":[{"embeddable":true,"href":"https:\/\/www.egemtv.com\/index.php?rest_route=\/wp\/v2\/media\/73041"}],"wp:attachment":[{"href":"https:\/\/www.egemtv.com\/index.php?rest_route=%2Fwp%2Fv2%2Fmedia&parent=73040"}],"wp:term":[{"taxonomy":"category","embeddable":true,"href":"https:\/\/www.egemtv.com\/index.php?rest_route=%2Fwp%2Fv2%2Fcategories&post=73040"},{"taxonomy":"post_tag","embeddable":true,"href":"https:\/\/www.egemtv.com\/index.php?rest_route=%2Fwp%2Fv2%2Ftags&post=73040"}],"curies":[{"name":"wp","href":"https:\/\/api.w.org\/{rel}","templated":true}]}}