{"id":73034,"date":"2025-12-09T14:15:00","date_gmt":"2025-12-09T11:15:00","guid":{"rendered":"https:\/\/www.egemtv.com\/?p=73034"},"modified":"2025-12-09T14:15:01","modified_gmt":"2025-12-09T11:15:01","slug":"simavda-39-ureticiye-yem-bezelyesi-tohumu-destegi","status":"publish","type":"post","link":"https:\/\/www.egemtv.com\/?p=73034","title":{"rendered":"Simav\u2019da 39 \u00fcreticiye yem bezelyesi tohumu deste\u011fi"},"content":{"rendered":"<p>K\u00fctahya\u2019n\u0131n Simav il\u00e7esinde 39 \u00fcreticiye 1,5 ton yem bezelyesi tohumu deste\u011fi sa\u011fland\u0131\u011f\u0131 bildirildi.<br \/>\n<br \/>Simav il\u00e7esi Na\u015fa beldesinde 39 \u00fcreticiye Tar\u0131m Bakanl\u0131\u011f\u0131 Bitkisel \u00dcretim Genel M\u00fcd\u00fcrl\u00fc\u011f\u00fc taraf\u0131ndan sa\u011flanan 1,5 ton yem bezelyesi tohumu da\u011f\u0131t\u0131ld\u0131.<br \/>\n<br \/>\u0130l\u00e7e Tar\u0131m M\u00fcd\u00fcrl\u00fc\u011f\u00fc yetkilileri, \u00fcreticilere verilen yem bezelyesi tohumu deste\u011fiyle b\u00f6lgede yem bitkisi \u00fcretiminin art\u0131r\u0131lmas\u0131n\u0131n ve hayvanc\u0131l\u0131\u011f\u0131n g\u00fc\u00e7lendirilmesinin hedeflendi\u011fini ifade ettiler.<br \/><\/p>\n","protected":false},"excerpt":{"rendered":"<p>K\u00fctahya\u2019n\u0131n Simav il\u00e7esinde 39 \u00fcreticiye 1,5 ton yem bezelyesi tohumu deste\u011fi sa\u011fland\u0131\u011f\u0131 bildirildi. Simav il\u00e7esi Na\u015fa beldesinde 39 \u00fcreticiye Tar\u0131m Bakanl\u0131\u011f\u0131 Bitkisel \u00dcretim Genel M\u00fcd\u00fcrl\u00fc\u011f\u00fc taraf\u0131ndan sa\u011flanan 1,5 ton yem bezelyesi tohumu da\u011f\u0131t\u0131ld\u0131. \u0130l\u00e7e Tar\u0131m M\u00fcd\u00fcrl\u00fc\u011f\u00fc yetkilileri, \u00fcreticilere verilen yem bezelyesi tohumu deste\u011fiyle b\u00f6lgede yem bitkisi \u00fcretiminin art\u0131r\u0131lmas\u0131n\u0131n ve hayvanc\u0131l\u0131\u011f\u0131n g\u00fc\u00e7lendirilmesinin hedeflendi\u011fini ifade ettiler.<\/p>\n","protected":false},"author":1,"featured_media":73035,"comment_status":"open","ping_status":"open","sticky":false,"template":"","format":"standard","meta":{"_crdt_document":"","footnotes":""},"categories":[125],"tags":[],"class_list":["post-73034","post","type-post","status-publish","format-standard","has-post-thumbnail","hentry","category-ekonomi"],"_links":{"self":[{"href":"https:\/\/www.egemtv.com\/index.php?rest_route=\/wp\/v2\/posts\/73034","targetHints":{"allow":["GET"]}}],"collection":[{"href":"https:\/\/www.egemtv.com\/index.php?rest_route=\/wp\/v2\/posts"}],"about":[{"href":"https:\/\/www.egemtv.com\/index.php?rest_route=\/wp\/v2\/types\/post"}],"author":[{"embeddable":true,"href":"https:\/\/www.egemtv.com\/index.php?rest_route=\/wp\/v2\/users\/1"}],"replies":[{"embeddable":true,"href":"https:\/\/www.egemtv.com\/index.php?rest_route=%2Fwp%2Fv2%2Fcomments&post=73034"}],"version-history":[{"count":1,"href":"https:\/\/www.egemtv.com\/index.php?rest_route=\/wp\/v2\/posts\/73034\/revisions"}],"predecessor-version":[{"id":73036,"href":"https:\/\/www.egemtv.com\/index.php?rest_route=\/wp\/v2\/posts\/73034\/revisions\/73036"}],"wp:featuredmedia":[{"embeddable":true,"href":"https:\/\/www.egemtv.com\/index.php?rest_route=\/wp\/v2\/media\/73035"}],"wp:attachment":[{"href":"https:\/\/www.egemtv.com\/index.php?rest_route=%2Fwp%2Fv2%2Fmedia&parent=73034"}],"wp:term":[{"taxonomy":"category","embeddable":true,"href":"https:\/\/www.egemtv.com\/index.php?rest_route=%2Fwp%2Fv2%2Fcategories&post=73034"},{"taxonomy":"post_tag","embeddable":true,"href":"https:\/\/www.egemtv.com\/index.php?rest_route=%2Fwp%2Fv2%2Ftags&post=73034"}],"curies":[{"name":"wp","href":"https:\/\/api.w.org\/{rel}","templated":true}]}}