{"id":73031,"date":"2025-12-09T14:14:59","date_gmt":"2025-12-09T11:14:59","guid":{"rendered":"https:\/\/www.egemtv.com\/?p=73031"},"modified":"2025-12-09T14:15:00","modified_gmt":"2025-12-09T11:15:00","slug":"polisten-lise-ogrencilerine-yonelik-egitim","status":"publish","type":"post","link":"https:\/\/www.egemtv.com\/?p=73031","title":{"rendered":"Polisten lise \u00f6\u011frencilerine y\u00f6nelik e\u011fitim"},"content":{"rendered":"<p>Afyonkarahisar\u2019\u0131n Sand\u0131kl\u0131 il\u00e7esinde polis ekipleri taraf\u0131ndan lise \u00f6\u011frencilerine y\u00f6nelik g\u00fcvenli internet kullan\u0131m\u0131 ba\u015fta olmak \u00fczere \u00e7e\u015fitli konularda e\u011fitim verildi.<br \/>\n<br \/>Afyonkarahisar \u0130l Emniyet M\u00fcd\u00fcrl\u00fc\u011f\u00fc birimleri taraf\u0131ndan ger\u00e7ekle\u015ftirilen e\u011fitimlerde; g\u00fcvenli internet kullan\u0131m\u0131, siber zorbal\u0131k, internet ba\u011f\u0131ml\u0131l\u0131\u011f\u0131, doland\u0131r\u0131c\u0131l\u0131k ve ba\u011f\u0131ml\u0131l\u0131kla m\u00fccadele konular\u0131nda bilgilendirme yap\u0131ld\u0131.<br \/>\n<br \/>E\u011fitim program\u0131 \u00e7er\u00e7evesinde Z\u00fcbeyde Han\u0131m K\u0131z Mesleki ve Teknik Anadolu Lisesi ile Sand\u0131kl\u0131 H\u00fcdai Turizm Mesleki ve Teknik Anadolu Lisesinde \u00f6\u011frenim g\u00f6ren \u00f6\u011frenciler ile il\u00e7ede g\u00f6rev yapan \u00f6\u011fretmenler olmak \u00fczere toplam 107 \u00f6\u011frenci ve  88 \u00f6\u011fretmen bilgilendirildi.<br \/>\n<br \/>Kat\u0131l\u0131mc\u0131lara ayr\u0131ca Toplum Destekli Polislik \u015eube M\u00fcd\u00fcrl\u00fc\u011f\u00fc taraf\u0131ndan meslek tan\u0131t\u0131m\u0131 ve ki\u015fisel g\u00fcvenlik kurallar\u0131, Sand\u0131kl\u0131 \u0130l\u00e7e Emniyet M\u00fcd\u00fcrl\u00fc\u011f\u00fc taraf\u0131ndan ise KADES uygulamas\u0131 hakk\u0131nda bilgi verildi. E\u011fitimlerin sonunda UYUMA ve KADES uygulamalar\u0131, trafik kurallar\u0131, motosiklet ve kask kullan\u0131m\u0131 konular\u0131n\u0131 i\u00e7eren bilgilendirici bro\u015f\u00fcrler da\u011f\u0131t\u0131ld\u0131.<br \/><\/p>\n","protected":false},"excerpt":{"rendered":"<p>Afyonkarahisar\u2019\u0131n Sand\u0131kl\u0131 il\u00e7esinde polis ekipleri taraf\u0131ndan lise \u00f6\u011frencilerine y\u00f6nelik g\u00fcvenli internet kullan\u0131m\u0131 ba\u015fta olmak \u00fczere \u00e7e\u015fitli konularda e\u011fitim verildi. Afyonkarahisar \u0130l Emniyet M\u00fcd\u00fcrl\u00fc\u011f\u00fc birimleri taraf\u0131ndan ger\u00e7ekle\u015ftirilen e\u011fitimlerde; g\u00fcvenli internet kullan\u0131m\u0131, siber zorbal\u0131k, internet ba\u011f\u0131ml\u0131l\u0131\u011f\u0131, doland\u0131r\u0131c\u0131l\u0131k ve ba\u011f\u0131ml\u0131l\u0131kla m\u00fccadele konular\u0131nda bilgilendirme yap\u0131ld\u0131. E\u011fitim program\u0131 \u00e7er\u00e7evesinde Z\u00fcbeyde Han\u0131m K\u0131z Mesleki ve Teknik Anadolu Lisesi ile Sand\u0131kl\u0131 H\u00fcdai&#8230;<\/p>\n","protected":false},"author":1,"featured_media":73032,"comment_status":"open","ping_status":"open","sticky":false,"template":"","format":"standard","meta":{"_crdt_document":"","footnotes":""},"categories":[1],"tags":[],"class_list":["post-73031","post","type-post","status-publish","format-standard","has-post-thumbnail","hentry","category-guncel"],"_links":{"self":[{"href":"https:\/\/www.egemtv.com\/index.php?rest_route=\/wp\/v2\/posts\/73031","targetHints":{"allow":["GET"]}}],"collection":[{"href":"https:\/\/www.egemtv.com\/index.php?rest_route=\/wp\/v2\/posts"}],"about":[{"href":"https:\/\/www.egemtv.com\/index.php?rest_route=\/wp\/v2\/types\/post"}],"author":[{"embeddable":true,"href":"https:\/\/www.egemtv.com\/index.php?rest_route=\/wp\/v2\/users\/1"}],"replies":[{"embeddable":true,"href":"https:\/\/www.egemtv.com\/index.php?rest_route=%2Fwp%2Fv2%2Fcomments&post=73031"}],"version-history":[{"count":1,"href":"https:\/\/www.egemtv.com\/index.php?rest_route=\/wp\/v2\/posts\/73031\/revisions"}],"predecessor-version":[{"id":73033,"href":"https:\/\/www.egemtv.com\/index.php?rest_route=\/wp\/v2\/posts\/73031\/revisions\/73033"}],"wp:featuredmedia":[{"embeddable":true,"href":"https:\/\/www.egemtv.com\/index.php?rest_route=\/wp\/v2\/media\/73032"}],"wp:attachment":[{"href":"https:\/\/www.egemtv.com\/index.php?rest_route=%2Fwp%2Fv2%2Fmedia&parent=73031"}],"wp:term":[{"taxonomy":"category","embeddable":true,"href":"https:\/\/www.egemtv.com\/index.php?rest_route=%2Fwp%2Fv2%2Fcategories&post=73031"},{"taxonomy":"post_tag","embeddable":true,"href":"https:\/\/www.egemtv.com\/index.php?rest_route=%2Fwp%2Fv2%2Ftags&post=73031"}],"curies":[{"name":"wp","href":"https:\/\/api.w.org\/{rel}","templated":true}]}}