{"id":73028,"date":"2025-12-09T14:14:58","date_gmt":"2025-12-09T11:14:58","guid":{"rendered":"https:\/\/www.egemtv.com\/?p=73028"},"modified":"2025-12-09T14:14:59","modified_gmt":"2025-12-09T11:14:59","slug":"hisarcik-aihlde-durustluk-marketi-acildi","status":"publish","type":"post","link":"https:\/\/www.egemtv.com\/?p=73028","title":{"rendered":"Hisarc\u0131k A\u0130HL\u2019de d\u00fcr\u00fcstl\u00fck marketi a\u00e7\u0131ld\u0131"},"content":{"rendered":"<p>Hisarc\u0131k Anadolu \u0130mam Hatip Lisesinde (A\u0130HL), \u00c7evreme Duyarl\u0131y\u0131m, De\u011ferlerime Sahip \u00c7\u0131k\u0131yorum (\u00c7EDES) projesi \u00e7er\u00e7evesinde &#8220;Kendin al, kendin \u00f6de&#8221; sistemiyle i\u015fleyen d\u00fcr\u00fcstl\u00fck marketi a\u00e7\u0131ld\u0131.<br \/>\n<br \/>Din K\u00fclt\u00fcr\u00fc ve Ahlak Bilgisi \u00d6\u011fretmenleri Song\u00fcl G\u00fcnd\u00fcz ve \u0130brahim K\u0131rk\u0131l\u2019\u0131n organizasyonu ile okul koridorunda hizmete giren &#8220;Kendin al kendin \u00f6de&#8221; sistemiyle i\u015fleyen d\u00fcr\u00fcstl\u00fck marketinde daha \u00e7ok yerli mal\u0131 ilkesine uyan meyve ve m\u0131s\u0131r patla\u011f\u0131 gibi \u00fcr\u00fcnler yer al\u0131yor. Market, kar amac\u0131 g\u00fcd\u00fclmeden ve herhangi bir i\u015fletici olmadan tamamen \u00f6\u011frencilerin vicdan\u0131na dayal\u0131 olarak i\u015fletiliyor. \u00d6\u011frenciler, fiyat etiketi bulunan \u00fcr\u00fcnleri ald\u0131ktan sonra \u00fccretlerini kutuya b\u0131rak\u0131yor, ihtiya\u00e7 halinde para \u00fcst\u00fcn\u00fc yine ayn\u0131 kutudan alabiliyor.<br \/>\n<br \/>Okul M\u00fcd\u00fcr\u00fc \u0130smail Ayd\u0131n, uygulama \u00f6ncesinde \u00f6\u011frencilere bilgilendirme yap\u0131ld\u0131\u011f\u0131n\u0131 ve konuyla ilgili videolar izletildi\u011fini belirterek, &#8220;Bir hafta s\u00fcrecek d\u00fcr\u00fcstl\u00fck marketi uygulamam\u0131z\u0131 hayata ge\u00e7irdik. \u00d6\u011frencilerimiz fiyat\u0131 yaz\u0131l\u0131 \u00fcr\u00fcn\u00fc al\u0131p kasaya paras\u0131n\u0131 b\u0131rak\u0131yor. Eksilen \u00fcr\u00fcnler yenileniyor. Kar amac\u0131 g\u00fctmeyen bu etkinlikle \u00f6\u011frencilerimiz d\u00fcr\u00fcstl\u00fc\u011f\u00fc yaparak ve ya\u015fayarak \u00f6\u011freniyor&#8221; dedi.<br \/><\/p>\n","protected":false},"excerpt":{"rendered":"<p>Hisarc\u0131k Anadolu \u0130mam Hatip Lisesinde (A\u0130HL), \u00c7evreme Duyarl\u0131y\u0131m, De\u011ferlerime Sahip \u00c7\u0131k\u0131yorum (\u00c7EDES) projesi \u00e7er\u00e7evesinde &#8220;Kendin al, kendin \u00f6de&#8221; sistemiyle i\u015fleyen d\u00fcr\u00fcstl\u00fck marketi a\u00e7\u0131ld\u0131. Din K\u00fclt\u00fcr\u00fc ve Ahlak Bilgisi \u00d6\u011fretmenleri Song\u00fcl G\u00fcnd\u00fcz ve \u0130brahim K\u0131rk\u0131l\u2019\u0131n organizasyonu ile okul koridorunda hizmete giren &#8220;Kendin al kendin \u00f6de&#8221; sistemiyle i\u015fleyen d\u00fcr\u00fcstl\u00fck marketinde daha \u00e7ok yerli mal\u0131 ilkesine uyan meyve&#8230;<\/p>\n","protected":false},"author":1,"featured_media":73029,"comment_status":"open","ping_status":"open","sticky":false,"template":"","format":"standard","meta":{"_crdt_document":"","footnotes":""},"categories":[1],"tags":[],"class_list":["post-73028","post","type-post","status-publish","format-standard","has-post-thumbnail","hentry","category-guncel"],"_links":{"self":[{"href":"https:\/\/www.egemtv.com\/index.php?rest_route=\/wp\/v2\/posts\/73028","targetHints":{"allow":["GET"]}}],"collection":[{"href":"https:\/\/www.egemtv.com\/index.php?rest_route=\/wp\/v2\/posts"}],"about":[{"href":"https:\/\/www.egemtv.com\/index.php?rest_route=\/wp\/v2\/types\/post"}],"author":[{"embeddable":true,"href":"https:\/\/www.egemtv.com\/index.php?rest_route=\/wp\/v2\/users\/1"}],"replies":[{"embeddable":true,"href":"https:\/\/www.egemtv.com\/index.php?rest_route=%2Fwp%2Fv2%2Fcomments&post=73028"}],"version-history":[{"count":1,"href":"https:\/\/www.egemtv.com\/index.php?rest_route=\/wp\/v2\/posts\/73028\/revisions"}],"predecessor-version":[{"id":73030,"href":"https:\/\/www.egemtv.com\/index.php?rest_route=\/wp\/v2\/posts\/73028\/revisions\/73030"}],"wp:featuredmedia":[{"embeddable":true,"href":"https:\/\/www.egemtv.com\/index.php?rest_route=\/wp\/v2\/media\/73029"}],"wp:attachment":[{"href":"https:\/\/www.egemtv.com\/index.php?rest_route=%2Fwp%2Fv2%2Fmedia&parent=73028"}],"wp:term":[{"taxonomy":"category","embeddable":true,"href":"https:\/\/www.egemtv.com\/index.php?rest_route=%2Fwp%2Fv2%2Fcategories&post=73028"},{"taxonomy":"post_tag","embeddable":true,"href":"https:\/\/www.egemtv.com\/index.php?rest_route=%2Fwp%2Fv2%2Ftags&post=73028"}],"curies":[{"name":"wp","href":"https:\/\/api.w.org\/{rel}","templated":true}]}}