{"id":73022,"date":"2025-12-09T13:56:08","date_gmt":"2025-12-09T10:56:08","guid":{"rendered":"https:\/\/www.egemtv.com\/?p=73022"},"modified":"2025-12-09T13:56:09","modified_gmt":"2025-12-09T10:56:09","slug":"yunusemrenin-sorunlari-sahada-cozuluyor","status":"publish","type":"post","link":"https:\/\/www.egemtv.com\/?p=73022","title":{"rendered":"Yunusemre\u2019nin sorunlar\u0131 sahada \u00e7\u00f6z\u00fcl\u00fcyor"},"content":{"rendered":"<p>Yunusemre Belediye Ba\u015fkan\u0131 Semih Balaban, hizmetin yerinde tespit ve h\u0131zl\u0131 \u00e7\u00f6z\u00fcmle m\u00fcmk\u00fcn oldu\u011funu belirterek Ayni Ali Mahallesi\u2019nde esnaf ziyareti yapt\u0131, vatanda\u015flarla bir araya geldi.<br \/>\n<br \/>G\u00f6reve geldi\u011fi g\u00fcnden bu yana halkla i\u00e7 i\u00e7e bir y\u00f6netim anlay\u0131\u015f\u0131n\u0131 benimsedi\u011fini vurgulayan Ba\u015fkan Balaban, Ayni Ali Mahallesi\u2019nde ger\u00e7ekle\u015ftirdi\u011fi ziyarette esnafa &#8220;hay\u0131rl\u0131 i\u015fler&#8221; diledi, mahalle sakinlerinin talep ve \u00f6nerilerini dinledi. Balaban\u2019a ziyaretinde Belediye Ba\u015fkan Yard\u0131mc\u0131lar\u0131 Emine \u00d6zge Arslan ve Haydar \u0130zci, MAYEB Y\u00f6netim Kurulu Ba\u015fkan Yard\u0131mc\u0131s\u0131 Cengiz Balkan ile belediye birim m\u00fcd\u00fcrleri e\u015flik etti.<br \/>\n<br \/>Mahalledeki k\u00fclt\u00fcr ve taziye evinde incelemelerde bulunan Ba\u015fkan Balaban, yap\u0131lmas\u0131 gereken \u00e7al\u0131\u015fmalarla ilgili ekiplerden bilgi ald\u0131. Daha sonra Ayni Ali Mahallesi Muhtar\u0131 Enis Sa\u011fman\u2019\u0131 ziyaret eden Balaban, mahallede y\u00fcr\u00fct\u00fclecek projeler hakk\u0131nda g\u00f6r\u00fc\u015f al\u0131\u015fveri\u015finde bulundu.<br \/>\n<br \/>Mahalle sakinlerinin iletti\u011fi taleplerin h\u0131zl\u0131ca \u00e7\u00f6z\u00fcme kavu\u015fmas\u0131 i\u00e7in ilgili birimlere talimat verdi\u011fini kaydeden Balaban, Yunusemre\u2019nin t\u00fcm mahallelerinde ayn\u0131 hassasiyetle \u00e7al\u0131\u015fmaya devam edeceklerini belirtti.<br \/>\n<br \/>Ba\u015fkan Semih Balaban a\u00e7\u0131klamas\u0131nda, &#8220;G\u00f6reve geldi\u011fimiz ilk g\u00fcnden bu yana s\u00f6z verdi\u011fimiz gibi vatanda\u015f\u0131m\u0131zla i\u00e7 i\u00e7e olmaya, mahalle mahalle gezerek sorunlar\u0131 yerinde dinlemeye devam ediyoruz. Ayni Ali Mahallemizde g\u00f6rd\u00fc\u011f\u00fcm\u00fcz her eksiklik i\u00e7in gerekli talimatlar\u0131 verdik. Bizim anlay\u0131\u015f\u0131m\u0131zda hizmet, masa ba\u015f\u0131nda de\u011fil; sahada, vatanda\u015f\u0131m\u0131z\u0131n aras\u0131nda \u00fcretilir. Bu g\u00fczel mahallemize en iyi hizmeti sunmak i\u00e7in \u00e7al\u0131\u015fmay\u0131 s\u00fcrd\u00fcrece\u011fiz.&#8221; dedi.<br \/><\/p>\n","protected":false},"excerpt":{"rendered":"<p>Yunusemre Belediye Ba\u015fkan\u0131 Semih Balaban, hizmetin yerinde tespit ve h\u0131zl\u0131 \u00e7\u00f6z\u00fcmle m\u00fcmk\u00fcn oldu\u011funu belirterek Ayni Ali Mahallesi\u2019nde esnaf ziyareti yapt\u0131, vatanda\u015flarla bir araya geldi. G\u00f6reve geldi\u011fi g\u00fcnden bu yana halkla i\u00e7 i\u00e7e bir y\u00f6netim anlay\u0131\u015f\u0131n\u0131 benimsedi\u011fini vurgulayan Ba\u015fkan Balaban, Ayni Ali Mahallesi\u2019nde ger\u00e7ekle\u015ftirdi\u011fi ziyarette esnafa &#8220;hay\u0131rl\u0131 i\u015fler&#8221; diledi, mahalle sakinlerinin talep ve \u00f6nerilerini dinledi. Balaban\u2019a&#8230;<\/p>\n","protected":false},"author":1,"featured_media":73023,"comment_status":"open","ping_status":"open","sticky":false,"template":"","format":"standard","meta":{"_crdt_document":"","footnotes":""},"categories":[127],"tags":[],"class_list":["post-73022","post","type-post","status-publish","format-standard","has-post-thumbnail","hentry","category-siyaset"],"_links":{"self":[{"href":"https:\/\/www.egemtv.com\/index.php?rest_route=\/wp\/v2\/posts\/73022","targetHints":{"allow":["GET"]}}],"collection":[{"href":"https:\/\/www.egemtv.com\/index.php?rest_route=\/wp\/v2\/posts"}],"about":[{"href":"https:\/\/www.egemtv.com\/index.php?rest_route=\/wp\/v2\/types\/post"}],"author":[{"embeddable":true,"href":"https:\/\/www.egemtv.com\/index.php?rest_route=\/wp\/v2\/users\/1"}],"replies":[{"embeddable":true,"href":"https:\/\/www.egemtv.com\/index.php?rest_route=%2Fwp%2Fv2%2Fcomments&post=73022"}],"version-history":[{"count":1,"href":"https:\/\/www.egemtv.com\/index.php?rest_route=\/wp\/v2\/posts\/73022\/revisions"}],"predecessor-version":[{"id":73024,"href":"https:\/\/www.egemtv.com\/index.php?rest_route=\/wp\/v2\/posts\/73022\/revisions\/73024"}],"wp:featuredmedia":[{"embeddable":true,"href":"https:\/\/www.egemtv.com\/index.php?rest_route=\/wp\/v2\/media\/73023"}],"wp:attachment":[{"href":"https:\/\/www.egemtv.com\/index.php?rest_route=%2Fwp%2Fv2%2Fmedia&parent=73022"}],"wp:term":[{"taxonomy":"category","embeddable":true,"href":"https:\/\/www.egemtv.com\/index.php?rest_route=%2Fwp%2Fv2%2Fcategories&post=73022"},{"taxonomy":"post_tag","embeddable":true,"href":"https:\/\/www.egemtv.com\/index.php?rest_route=%2Fwp%2Fv2%2Ftags&post=73022"}],"curies":[{"name":"wp","href":"https:\/\/api.w.org\/{rel}","templated":true}]}}