{"id":73019,"date":"2025-12-09T13:34:59","date_gmt":"2025-12-09T10:34:59","guid":{"rendered":"https:\/\/www.egemtv.com\/?p=73019"},"modified":"2025-12-09T13:35:00","modified_gmt":"2025-12-09T10:35:00","slug":"kutahya-osbde-itfaiye-birimi-icin-personel-aliminda-uygulamali-etap-tamamlandi","status":"publish","type":"post","link":"https:\/\/www.egemtv.com\/?p=73019","title":{"rendered":"K\u00fctahya OSB\u2019de itfaiye birimi i\u00e7in personel al\u0131m\u0131nda uygulamal\u0131 etap tamamland\u0131"},"content":{"rendered":"<p>K\u00fctahya Organize Sanayi B\u00f6lgesi\u2019nde (OSB) kurulumu devam eden \u0130tfaiye Birimi i\u00e7in y\u00fcr\u00fct\u00fclen personel al\u0131m s\u00fcrecinde \u00f6nemli bir a\u015fama daha tamamland\u0131. \u0130tfaiye Eri ve \u0130tfaiye Operat\u00f6r\u00fc pozisyonlar\u0131na yap\u0131lan yo\u011fun ba\u015fvurular\u0131n ard\u0131ndan s\u00f6zl\u00fc m\u00fclakatlarda ba\u015far\u0131 g\u00f6steren adaylar, uygulamal\u0131 de\u011ferlendirme a\u015famas\u0131na kat\u0131ld\u0131.<br \/>\n<br \/>Yap\u0131lan parkur uygulamalar\u0131nda adaylar, fiziksel yeterliliklerini ve acil m\u00fcdahale becerilerini sergilemek \u00fczere zorlu bir performans ortaya koydu. Belirli bir s\u00fcre i\u00e7inde tamamlanmas\u0131 gereken etaplar aras\u0131nda hortum serme, ekipman kullan\u0131m\u0131, dayan\u0131kl\u0131l\u0131k ko\u015fusu, g\u00fc\u00e7 parkurlar\u0131 ve \u00e7e\u015fitli uygulamal\u0131 performans testleri yer ald\u0131. Adaylar, teknik bilgi ve fiziksel kapasitelerini sahada g\u00f6sterme imk\u00e2n\u0131 buldu.<br \/>\n<br \/>\u00d6te yandan K\u00fctahya OSB \u0130tfaiye Birimi\u2019nin altyap\u0131s\u0131na y\u00f6nelik \u00e7al\u0131\u015fmalar da h\u0131zla devam ediyor. Modern standartlara g\u00f6re in\u015fa edilen yeni itfaiye binas\u0131nda y\u00fczde 80 oran\u0131nda ilerleme sa\u011fland\u0131. Binan\u0131n tamamlanmas\u0131yla birlikte b\u00f6lgenin acil durumlara daha h\u0131zl\u0131, profesyonel ve koordineli \u015fekilde m\u00fcdahale edebilecek g\u00fc\u00e7l\u00fc bir te\u015fkilata kavu\u015fmas\u0131 hedefleniyor. Personel al\u0131m\u0131 ve hizmet ara\u00e7lar\u0131n\u0131n temin s\u00fcreciyle birlikte K\u00fctahya OSB\u2019nin tam donan\u0131ml\u0131 bir itfaiye yap\u0131lanmas\u0131 olu\u015fturmas\u0131 planlan\u0131yor.<br \/>\n<br \/>K\u00fctahya OSB Y\u00f6netim Kurulu Ba\u015fkan\u0131 Tolga Eskio\u011flu, s\u00fcrece ili\u015fkin yapt\u0131\u011f\u0131 a\u00e7\u0131klamada \u015funlar\u0131 s\u00f6yledi: &#8220;K\u00fctahya Organize Sanayi B\u00f6lgesi olarak b\u00f6lge firmalar\u0131m\u0131z\u0131n g\u00fcvenli\u011fi ve acil durumlara m\u00fcdahale kapasitesinin g\u00fc\u00e7lendirilmesi bizim i\u00e7in en \u00f6ncelikli konular aras\u0131ndad\u0131r. \u0130tfaiye Birimi\u2019nin hayata ge\u00e7mesiyle birlikte muhtemel yang\u0131n ve acil durumlara \u00e7ok daha h\u0131zl\u0131, profesyonel ve koordineli \u015fekilde m\u00fcdahale edebilecek bir yap\u0131y\u0131 b\u00f6lgemize kazand\u0131r\u0131yoruz. Hem modern altyap\u0131s\u0131 hem de donan\u0131ml\u0131 personeliyle bu birim, K\u00fctahya OSB\u2019nin g\u00fcvenlik standartlar\u0131n\u0131 \u00f6nemli \u00f6l\u00e7\u00fcde y\u00fckseltecek. \u0130tfaiye Birimi\u2019nin altyap\u0131 ve personel yap\u0131lanmas\u0131 tamamland\u0131\u011f\u0131nda b\u00f6lgemize g\u00fc\u00e7l\u00fc bir g\u00fcvenlik birimini daha kazand\u0131rm\u0131\u015f olaca\u011f\u0131z.&#8221;<br \/>\n<br \/>K\u00fctahya OSB\u2019de yeni itfaiye te\u015fkilat\u0131n\u0131n \u00f6n\u00fcm\u00fczdeki d\u00f6nemde hizmete al\u0131nmas\u0131 bekleniyor.<br \/><\/p>\n","protected":false},"excerpt":{"rendered":"<p>K\u00fctahya Organize Sanayi B\u00f6lgesi\u2019nde (OSB) kurulumu devam eden \u0130tfaiye Birimi i\u00e7in y\u00fcr\u00fct\u00fclen personel al\u0131m s\u00fcrecinde \u00f6nemli bir a\u015fama daha tamamland\u0131. \u0130tfaiye Eri ve \u0130tfaiye Operat\u00f6r\u00fc pozisyonlar\u0131na yap\u0131lan yo\u011fun ba\u015fvurular\u0131n ard\u0131ndan s\u00f6zl\u00fc m\u00fclakatlarda ba\u015far\u0131 g\u00f6steren adaylar, uygulamal\u0131 de\u011ferlendirme a\u015famas\u0131na kat\u0131ld\u0131. Yap\u0131lan parkur uygulamalar\u0131nda adaylar, fiziksel yeterliliklerini ve acil m\u00fcdahale becerilerini sergilemek \u00fczere zorlu bir performans ortaya&#8230;<\/p>\n","protected":false},"author":1,"featured_media":73020,"comment_status":"open","ping_status":"open","sticky":false,"template":"","format":"standard","meta":{"_crdt_document":"","footnotes":""},"categories":[1],"tags":[],"class_list":["post-73019","post","type-post","status-publish","format-standard","has-post-thumbnail","hentry","category-guncel"],"_links":{"self":[{"href":"https:\/\/www.egemtv.com\/index.php?rest_route=\/wp\/v2\/posts\/73019","targetHints":{"allow":["GET"]}}],"collection":[{"href":"https:\/\/www.egemtv.com\/index.php?rest_route=\/wp\/v2\/posts"}],"about":[{"href":"https:\/\/www.egemtv.com\/index.php?rest_route=\/wp\/v2\/types\/post"}],"author":[{"embeddable":true,"href":"https:\/\/www.egemtv.com\/index.php?rest_route=\/wp\/v2\/users\/1"}],"replies":[{"embeddable":true,"href":"https:\/\/www.egemtv.com\/index.php?rest_route=%2Fwp%2Fv2%2Fcomments&post=73019"}],"version-history":[{"count":1,"href":"https:\/\/www.egemtv.com\/index.php?rest_route=\/wp\/v2\/posts\/73019\/revisions"}],"predecessor-version":[{"id":73021,"href":"https:\/\/www.egemtv.com\/index.php?rest_route=\/wp\/v2\/posts\/73019\/revisions\/73021"}],"wp:featuredmedia":[{"embeddable":true,"href":"https:\/\/www.egemtv.com\/index.php?rest_route=\/wp\/v2\/media\/73020"}],"wp:attachment":[{"href":"https:\/\/www.egemtv.com\/index.php?rest_route=%2Fwp%2Fv2%2Fmedia&parent=73019"}],"wp:term":[{"taxonomy":"category","embeddable":true,"href":"https:\/\/www.egemtv.com\/index.php?rest_route=%2Fwp%2Fv2%2Fcategories&post=73019"},{"taxonomy":"post_tag","embeddable":true,"href":"https:\/\/www.egemtv.com\/index.php?rest_route=%2Fwp%2Fv2%2Ftags&post=73019"}],"curies":[{"name":"wp","href":"https:\/\/api.w.org\/{rel}","templated":true}]}}