{"id":73016,"date":"2025-12-09T13:34:58","date_gmt":"2025-12-09T10:34:58","guid":{"rendered":"https:\/\/www.egemtv.com\/?p=73016"},"modified":"2025-12-09T13:34:59","modified_gmt":"2025-12-09T10:34:59","slug":"izmirde-metro-vagonu-raydan-cikti","status":"publish","type":"post","link":"https:\/\/www.egemtv.com\/?p=73016","title":{"rendered":"\u0130zmir\u2019de metro vagonu raydan \u00e7\u0131kt\u0131"},"content":{"rendered":"<p>\u0130zmir\u2019in Bornova il\u00e7esinde metronun bir vagonunun raydan \u00e7\u0131kmas\u0131 sonucu seferler ge\u00e7ici olarak iptal edildi. Tahliye edilen yolcular ise k\u0131sa s\u00fcreli panik ya\u015fad\u0131 ve raylardan istasyona kadar y\u00fcr\u00fcd\u00fc.<br \/>\n<br \/>\u0130zmir\u2019de Bornova Metro \u0130stasyonu\u2019ndan hareket eden metronun bir vagonu, saat 10.30 s\u0131ralar\u0131nda iddiaya g\u00f6re enerji ald\u0131\u011f\u0131 raydan \u00e7\u0131kt\u0131. K\u0131sa s\u00fcreli panik ya\u015fayan yolcular tahliye edilirken inen yolcular\u0131n raylar\u0131n kenar\u0131ndan y\u00fcr\u00fcyerek istasyona do\u011fru gitti\u011fi g\u00f6r\u00fcld\u00fc. Narl\u0131dere Kaymakaml\u0131k-Evka 3 seferini yapan trendeki vatanda\u015flar tahliye edildi, metro seferleri durduruldu.<br \/>\n<br \/>\u0130zmir Metro A.\u015e. ekipleri b\u00f6lgede \u00e7al\u0131\u015fma ba\u015flatt\u0131, Bornova ve B\u00f6lge istasyonlar\u0131 ar\u0131zan\u0131n giderilmesi i\u00e7in kapat\u0131ld\u0131. \u0130stasyona gelenler otob\u00fcs duraklar\u0131na y\u00f6nlendirilirken duraklarda yo\u011funluk olu\u015ftu.<\/p>\n<p>\u0130zmir Metro\u2019dan a\u00e7\u0131klama<br \/>\n<br \/>\u0130zmir Metro taraf\u0131ndan yap\u0131lan a\u00e7\u0131klamada \u015fu ifadelere yer verildi:<br \/>\n<br \/>&#8220;\u0130zmir Metro Bornova \u0130stasyonu\u2019nda, hatta enerji sa\u011flay\u0131c\u0131 ve ta\u015f\u0131y\u0131c\u0131 ekipmanda ya\u015fanan teknik ar\u0131za sebebiyle seferlerimiz Narl\u0131dere Kaymakaml\u0131k-Sanayi istasyonlar\u0131 aras\u0131nda gecikmeli olarak devam etmekte, Sanayi-Evka 3 istasyonlar\u0131 aras\u0131nda ula\u015f\u0131m ESHOT deste\u011fi ile sa\u011flanmaktad\u0131r. Ekiplerimiz, ar\u0131zaya ivedilikle m\u00fcdahale etmi\u015f bulunmaktad\u0131r. Ar\u0131zan\u0131n giderilmesiyle birlikte seferlerimizin normale d\u00f6nmesi i\u00e7in \u00e7al\u0131\u015fmalar\u0131m\u0131z s\u00fcrd\u00fcr\u00fclmektedir.&#8221;<br \/><\/p>\n","protected":false},"excerpt":{"rendered":"<p>\u0130zmir\u2019in Bornova il\u00e7esinde metronun bir vagonunun raydan \u00e7\u0131kmas\u0131 sonucu seferler ge\u00e7ici olarak iptal edildi. Tahliye edilen yolcular ise k\u0131sa s\u00fcreli panik ya\u015fad\u0131 ve raylardan istasyona kadar y\u00fcr\u00fcd\u00fc. \u0130zmir\u2019de Bornova Metro \u0130stasyonu\u2019ndan hareket eden metronun bir vagonu, saat 10.30 s\u0131ralar\u0131nda iddiaya g\u00f6re enerji ald\u0131\u011f\u0131 raydan \u00e7\u0131kt\u0131. K\u0131sa s\u00fcreli panik ya\u015fayan yolcular tahliye edilirken inen yolcular\u0131n raylar\u0131n&#8230;<\/p>\n","protected":false},"author":1,"featured_media":73017,"comment_status":"open","ping_status":"open","sticky":false,"template":"","format":"standard","meta":{"_crdt_document":"","footnotes":""},"categories":[5],"tags":[],"class_list":["post-73016","post","type-post","status-publish","format-standard","has-post-thumbnail","hentry","category-asayis"],"_links":{"self":[{"href":"https:\/\/www.egemtv.com\/index.php?rest_route=\/wp\/v2\/posts\/73016","targetHints":{"allow":["GET"]}}],"collection":[{"href":"https:\/\/www.egemtv.com\/index.php?rest_route=\/wp\/v2\/posts"}],"about":[{"href":"https:\/\/www.egemtv.com\/index.php?rest_route=\/wp\/v2\/types\/post"}],"author":[{"embeddable":true,"href":"https:\/\/www.egemtv.com\/index.php?rest_route=\/wp\/v2\/users\/1"}],"replies":[{"embeddable":true,"href":"https:\/\/www.egemtv.com\/index.php?rest_route=%2Fwp%2Fv2%2Fcomments&post=73016"}],"version-history":[{"count":1,"href":"https:\/\/www.egemtv.com\/index.php?rest_route=\/wp\/v2\/posts\/73016\/revisions"}],"predecessor-version":[{"id":73018,"href":"https:\/\/www.egemtv.com\/index.php?rest_route=\/wp\/v2\/posts\/73016\/revisions\/73018"}],"wp:featuredmedia":[{"embeddable":true,"href":"https:\/\/www.egemtv.com\/index.php?rest_route=\/wp\/v2\/media\/73017"}],"wp:attachment":[{"href":"https:\/\/www.egemtv.com\/index.php?rest_route=%2Fwp%2Fv2%2Fmedia&parent=73016"}],"wp:term":[{"taxonomy":"category","embeddable":true,"href":"https:\/\/www.egemtv.com\/index.php?rest_route=%2Fwp%2Fv2%2Fcategories&post=73016"},{"taxonomy":"post_tag","embeddable":true,"href":"https:\/\/www.egemtv.com\/index.php?rest_route=%2Fwp%2Fv2%2Ftags&post=73016"}],"curies":[{"name":"wp","href":"https:\/\/api.w.org\/{rel}","templated":true}]}}