{"id":73013,"date":"2025-12-09T13:14:39","date_gmt":"2025-12-09T10:14:39","guid":{"rendered":"https:\/\/www.egemtv.com\/?p=73013"},"modified":"2025-12-09T13:14:40","modified_gmt":"2025-12-09T10:14:40","slug":"dalaman-havalimani-11-ayda-5-milyon-542-bin-yolcuya-hizmet-verdi","status":"publish","type":"post","link":"https:\/\/www.egemtv.com\/?p=73013","title":{"rendered":"Dalaman havaliman\u0131 11 ayda 5 milyon 542 bin yolcuya hizmet verdi"},"content":{"rendered":"<p>Devlet Hava Meydanlar\u0131 \u0130\u015fletmesinden yap\u0131lan a\u00e7\u0131klamada, Dalaman havaliman\u0131 2025 y\u0131l\u0131n\u0131n 11 ayl\u0131k d\u00f6neminde 5 milyon 4542 bin 422 yolcuya ve 48 bin 627 u\u00e7u\u015f trafi\u011fine hizmet verdi.<br \/>\n<br \/>Yap\u0131lan a\u00e7\u0131klamada, Dalaman Havaliman\u0131nda Kas\u0131m ay\u0131nda hizmet verilen yolcu say\u0131s\u0131 141 bin 766 ki\u015fi, u\u00e7ak say\u0131s\u0131 Bin 834 ve ta\u015f\u0131nan y\u00fck miktar\u0131 da Bin 405 ton olarak ger\u00e7ekle\u015fti.<br \/><\/p>\n","protected":false},"excerpt":{"rendered":"<p>Devlet Hava Meydanlar\u0131 \u0130\u015fletmesinden yap\u0131lan a\u00e7\u0131klamada, Dalaman havaliman\u0131 2025 y\u0131l\u0131n\u0131n 11 ayl\u0131k d\u00f6neminde 5 milyon 4542 bin 422 yolcuya ve 48 bin 627 u\u00e7u\u015f trafi\u011fine hizmet verdi. Yap\u0131lan a\u00e7\u0131klamada, Dalaman Havaliman\u0131nda Kas\u0131m ay\u0131nda hizmet verilen yolcu say\u0131s\u0131 141 bin 766 ki\u015fi, u\u00e7ak say\u0131s\u0131 Bin 834 ve ta\u015f\u0131nan y\u00fck miktar\u0131 da Bin 405 ton olarak ger\u00e7ekle\u015fti.<\/p>\n","protected":false},"author":1,"featured_media":73014,"comment_status":"open","ping_status":"open","sticky":false,"template":"","format":"standard","meta":{"_crdt_document":"","footnotes":""},"categories":[125],"tags":[],"class_list":["post-73013","post","type-post","status-publish","format-standard","has-post-thumbnail","hentry","category-ekonomi"],"_links":{"self":[{"href":"https:\/\/www.egemtv.com\/index.php?rest_route=\/wp\/v2\/posts\/73013","targetHints":{"allow":["GET"]}}],"collection":[{"href":"https:\/\/www.egemtv.com\/index.php?rest_route=\/wp\/v2\/posts"}],"about":[{"href":"https:\/\/www.egemtv.com\/index.php?rest_route=\/wp\/v2\/types\/post"}],"author":[{"embeddable":true,"href":"https:\/\/www.egemtv.com\/index.php?rest_route=\/wp\/v2\/users\/1"}],"replies":[{"embeddable":true,"href":"https:\/\/www.egemtv.com\/index.php?rest_route=%2Fwp%2Fv2%2Fcomments&post=73013"}],"version-history":[{"count":1,"href":"https:\/\/www.egemtv.com\/index.php?rest_route=\/wp\/v2\/posts\/73013\/revisions"}],"predecessor-version":[{"id":73015,"href":"https:\/\/www.egemtv.com\/index.php?rest_route=\/wp\/v2\/posts\/73013\/revisions\/73015"}],"wp:featuredmedia":[{"embeddable":true,"href":"https:\/\/www.egemtv.com\/index.php?rest_route=\/wp\/v2\/media\/73014"}],"wp:attachment":[{"href":"https:\/\/www.egemtv.com\/index.php?rest_route=%2Fwp%2Fv2%2Fmedia&parent=73013"}],"wp:term":[{"taxonomy":"category","embeddable":true,"href":"https:\/\/www.egemtv.com\/index.php?rest_route=%2Fwp%2Fv2%2Fcategories&post=73013"},{"taxonomy":"post_tag","embeddable":true,"href":"https:\/\/www.egemtv.com\/index.php?rest_route=%2Fwp%2Fv2%2Ftags&post=73013"}],"curies":[{"name":"wp","href":"https:\/\/api.w.org\/{rel}","templated":true}]}}