{"id":72596,"date":"2025-12-07T16:54:53","date_gmt":"2025-12-07T13:54:53","guid":{"rendered":"https:\/\/www.egemtv.com\/?p=72596"},"modified":"2025-12-07T16:54:54","modified_gmt":"2025-12-07T13:54:54","slug":"sokeli-kibris-gazisi-avci-son-yolculuguna-ugurlandi","status":"publish","type":"post","link":"https:\/\/www.egemtv.com\/?p=72596","title":{"rendered":"S\u00f6keli K\u0131br\u0131s Gazisi Avc\u0131 son yolculu\u011funa u\u011furland\u0131"},"content":{"rendered":"<p>Ayd\u0131n\u2019\u0131n S\u00f6ke il\u00e7esinde K\u0131br\u0131s Gazisi Mehmet Avc\u0131 tedavi g\u00f6rd\u00fc\u011f\u00fc hastal\u0131\u011f\u0131 nedeniyle hayat\u0131n\u0131 kaybederken, Avc\u0131 d\u00fczenlenen t\u00f6ren ile son yolculu\u011funa u\u011furland\u0131.<\/p>\n<p>K\u0131br\u0131s Gazisi Mehmet Avc\u0131\u2019n\u0131n bir s\u00fcredir tedavi g\u00f6rd\u00fc\u011f\u00fc hastal\u0131\u011f\u0131 dolay\u0131s\u0131yla hayat\u0131n\u0131 kaybetti. Avc\u0131\u2019n\u0131n \u00f6l\u00fcm haberi ailesi ve t\u00fcm sevenlerini yasa bo\u011fdu. K\u0131br\u0131s Gazisi Avc\u0131 i\u00e7in cenaze t\u00f6reni d\u00fczenlendi. Cenaze t\u00f6renine S\u00f6ke Garnizon Komutanl\u0131\u011f\u0131ndan askeri erkan, S\u00f6ke Belediye Ba\u015fkan Vekili \u015eakir G\u00fclmez, siyasi parti il\u00e7e ba\u015fkanlar\u0131n\u0131n yan\u0131 s\u0131ra \u00e7ok say\u0131da vatanda\u015f kat\u0131ld\u0131. Avc\u0131, \u00c7avdar Mahalle Camii\u2019nde \u00f6\u011fle namaz\u0131na m\u00fcteakip k\u0131l\u0131nan cenaze namaz\u0131n\u0131n ard\u0131ndan dualar e\u015fli\u011finde topra\u011fa verildi.<br \/><\/p>\n","protected":false},"excerpt":{"rendered":"<p>Ayd\u0131n\u2019\u0131n S\u00f6ke il\u00e7esinde K\u0131br\u0131s Gazisi Mehmet Avc\u0131 tedavi g\u00f6rd\u00fc\u011f\u00fc hastal\u0131\u011f\u0131 nedeniyle hayat\u0131n\u0131 kaybederken, Avc\u0131 d\u00fczenlenen t\u00f6ren ile son yolculu\u011funa u\u011furland\u0131. K\u0131br\u0131s Gazisi Mehmet Avc\u0131\u2019n\u0131n bir s\u00fcredir tedavi g\u00f6rd\u00fc\u011f\u00fc hastal\u0131\u011f\u0131 dolay\u0131s\u0131yla hayat\u0131n\u0131 kaybetti. Avc\u0131\u2019n\u0131n \u00f6l\u00fcm haberi ailesi ve t\u00fcm sevenlerini yasa bo\u011fdu. K\u0131br\u0131s Gazisi Avc\u0131 i\u00e7in cenaze t\u00f6reni d\u00fczenlendi. Cenaze t\u00f6renine S\u00f6ke Garnizon Komutanl\u0131\u011f\u0131ndan askeri erkan,&#8230;<\/p>\n","protected":false},"author":1,"featured_media":72597,"comment_status":"open","ping_status":"open","sticky":false,"template":"","format":"standard","meta":{"_crdt_document":"","footnotes":""},"categories":[123],"tags":[],"class_list":["post-72596","post","type-post","status-publish","format-standard","has-post-thumbnail","hentry","category-gundem"],"_links":{"self":[{"href":"https:\/\/www.egemtv.com\/index.php?rest_route=\/wp\/v2\/posts\/72596","targetHints":{"allow":["GET"]}}],"collection":[{"href":"https:\/\/www.egemtv.com\/index.php?rest_route=\/wp\/v2\/posts"}],"about":[{"href":"https:\/\/www.egemtv.com\/index.php?rest_route=\/wp\/v2\/types\/post"}],"author":[{"embeddable":true,"href":"https:\/\/www.egemtv.com\/index.php?rest_route=\/wp\/v2\/users\/1"}],"replies":[{"embeddable":true,"href":"https:\/\/www.egemtv.com\/index.php?rest_route=%2Fwp%2Fv2%2Fcomments&post=72596"}],"version-history":[{"count":1,"href":"https:\/\/www.egemtv.com\/index.php?rest_route=\/wp\/v2\/posts\/72596\/revisions"}],"predecessor-version":[{"id":72598,"href":"https:\/\/www.egemtv.com\/index.php?rest_route=\/wp\/v2\/posts\/72596\/revisions\/72598"}],"wp:featuredmedia":[{"embeddable":true,"href":"https:\/\/www.egemtv.com\/index.php?rest_route=\/wp\/v2\/media\/72597"}],"wp:attachment":[{"href":"https:\/\/www.egemtv.com\/index.php?rest_route=%2Fwp%2Fv2%2Fmedia&parent=72596"}],"wp:term":[{"taxonomy":"category","embeddable":true,"href":"https:\/\/www.egemtv.com\/index.php?rest_route=%2Fwp%2Fv2%2Fcategories&post=72596"},{"taxonomy":"post_tag","embeddable":true,"href":"https:\/\/www.egemtv.com\/index.php?rest_route=%2Fwp%2Fv2%2Ftags&post=72596"}],"curies":[{"name":"wp","href":"https:\/\/api.w.org\/{rel}","templated":true}]}}