{"id":72593,"date":"2025-12-07T16:35:37","date_gmt":"2025-12-07T13:35:37","guid":{"rendered":"https:\/\/www.egemtv.com\/?p=72593"},"modified":"2025-12-07T16:35:38","modified_gmt":"2025-12-07T13:35:38","slug":"tff-2-lig-aliaga-fk-3-kirklarelispor-0","status":"publish","type":"post","link":"https:\/\/www.egemtv.com\/?p=72593","title":{"rendered":"TFF 2. Lig: Alia\u011fa FK: 3 &#8211; K\u0131rklarelispor: 0"},"content":{"rendered":"<p>TFF 2. Lig K\u0131rm\u0131z\u0131 Grup 14. hafta m\u00fccadelesinde Alia\u011fa FK, evinde kar\u015f\u0131la\u015ft\u0131\u011f\u0131 K\u0131rklarelispor\u2019u 3-0 ma\u011flup etti.<\/p>\n<p>Hakemler: Berkay A\u011f\u0131\u015f, Volkan Esen, Melih Tan<br \/>\n<br \/>Alia\u011faspor FK: Ahmet Pekg\u00f6z, Oktay Kanc\u0131 (Kaan Adar dk. 88), Veli \u00c7etin, Kerem Payko\u00e7, Erhan Kartal, Hasan K\u0131l\u0131\u00e7, Mertcan A\u00e7\u0131kg\u00f6z (Yusuf Erdem G\u00fcm\u00fc\u015f dk. 74), Harun Kavakl\u0131dere (Ahmet \u0130lhan \u00d6zek dk. 74), O\u011fuzhan Y\u0131ld\u0131r\u0131m, G\u00f6ktu\u011f Y\u0131lmaz (Furkan Say dk. 82), Malik Karaahmet (Yunus Emre Kahya dk. 88)<br \/>\n<br \/>K\u0131rklarelispor: An\u0131l Demir, Ya\u011f\u0131z Dilek (Doruk Tu\u011frul dk. 84), Mira\u00e7 Acer, Massis G\u00fcl\u00fck, O\u011fuzhan \u00c7apar, Semih \u00dcst\u00fcn (\u015e\u00fck\u00fcr To\u011frak dk. 52), \u00d6mer Faruk Y\u00fccel, Fehmi G\u00fcne\u015f, H\u00fcseyin Altu\u011f Ta\u015f (Hozan Harman dk. 78), Eslem \u00d6zt\u00fcrk (Emre Balk\u0131 dk. 78), Muhammet Akp\u0131nar (Melih Okutan dk. 78)<br \/>\n<br \/>Goller: Veli \u00c7etin (dk. 24), Hasan K\u0131l\u0131\u00e7 (dk. 62), Malik Karaahmet (dk. 67) (Alia\u011fa FK)<br \/>\n<br \/>Sar\u0131 kartlar: Malik Karaahmet, Hasan K\u0131l\u0131\u00e7 (Alia\u011fa FK), Eslem \u00d6zt\u00fcrk, Mira\u00e7 Acer, \u00d6mer Faruk Y\u00fccel (K\u0131rklarelispor)<br \/><\/p>\n","protected":false},"excerpt":{"rendered":"<p>TFF 2. Lig K\u0131rm\u0131z\u0131 Grup 14. hafta m\u00fccadelesinde Alia\u011fa FK, evinde kar\u015f\u0131la\u015ft\u0131\u011f\u0131 K\u0131rklarelispor\u2019u 3-0 ma\u011flup etti. Hakemler: Berkay A\u011f\u0131\u015f, Volkan Esen, Melih Tan Alia\u011faspor FK: Ahmet Pekg\u00f6z, Oktay Kanc\u0131 (Kaan Adar dk. 88), Veli \u00c7etin, Kerem Payko\u00e7, Erhan Kartal, Hasan K\u0131l\u0131\u00e7, Mertcan A\u00e7\u0131kg\u00f6z (Yusuf Erdem G\u00fcm\u00fc\u015f dk. 74), Harun Kavakl\u0131dere (Ahmet \u0130lhan \u00d6zek dk. 74),&#8230;<\/p>\n","protected":false},"author":1,"featured_media":72594,"comment_status":"open","ping_status":"open","sticky":false,"template":"","format":"standard","meta":{"_crdt_document":"","footnotes":""},"categories":[4],"tags":[],"class_list":["post-72593","post","type-post","status-publish","format-standard","has-post-thumbnail","hentry","category-spor"],"_links":{"self":[{"href":"https:\/\/www.egemtv.com\/index.php?rest_route=\/wp\/v2\/posts\/72593","targetHints":{"allow":["GET"]}}],"collection":[{"href":"https:\/\/www.egemtv.com\/index.php?rest_route=\/wp\/v2\/posts"}],"about":[{"href":"https:\/\/www.egemtv.com\/index.php?rest_route=\/wp\/v2\/types\/post"}],"author":[{"embeddable":true,"href":"https:\/\/www.egemtv.com\/index.php?rest_route=\/wp\/v2\/users\/1"}],"replies":[{"embeddable":true,"href":"https:\/\/www.egemtv.com\/index.php?rest_route=%2Fwp%2Fv2%2Fcomments&post=72593"}],"version-history":[{"count":1,"href":"https:\/\/www.egemtv.com\/index.php?rest_route=\/wp\/v2\/posts\/72593\/revisions"}],"predecessor-version":[{"id":72595,"href":"https:\/\/www.egemtv.com\/index.php?rest_route=\/wp\/v2\/posts\/72593\/revisions\/72595"}],"wp:featuredmedia":[{"embeddable":true,"href":"https:\/\/www.egemtv.com\/index.php?rest_route=\/wp\/v2\/media\/72594"}],"wp:attachment":[{"href":"https:\/\/www.egemtv.com\/index.php?rest_route=%2Fwp%2Fv2%2Fmedia&parent=72593"}],"wp:term":[{"taxonomy":"category","embeddable":true,"href":"https:\/\/www.egemtv.com\/index.php?rest_route=%2Fwp%2Fv2%2Fcategories&post=72593"},{"taxonomy":"post_tag","embeddable":true,"href":"https:\/\/www.egemtv.com\/index.php?rest_route=%2Fwp%2Fv2%2Ftags&post=72593"}],"curies":[{"name":"wp","href":"https:\/\/api.w.org\/{rel}","templated":true}]}}