{"id":72590,"date":"2025-12-07T16:15:44","date_gmt":"2025-12-07T13:15:44","guid":{"rendered":"https:\/\/www.egemtv.com\/?p=72590"},"modified":"2025-12-07T16:15:45","modified_gmt":"2025-12-07T13:15:45","slug":"baskan-kasapoglu-denizliyi-temsilen-sanayicilerin-sorunlarini-bir-kez-daha-ankarada-gundeme-tasidi","status":"publish","type":"post","link":"https:\/\/www.egemtv.com\/?p=72590","title":{"rendered":"Ba\u015fkan Kasapo\u011flu, Denizli\u2019yi temsilen sanayicilerin sorunlar\u0131n\u0131 bir kez daha Ankara\u2019da g\u00fcndeme ta\u015f\u0131d\u0131"},"content":{"rendered":"<p>T\u00fcrkiye sanayisi i\u00e7in \u00f6nemli bulu\u015fmalar, T\u00fcrkiye Odalar ve Borsalar Birli\u011fi (TOBB) Ba\u015fkan\u0131 Rifat Hisarc\u0131kl\u0131o\u011flu\u2019nun ev sahipli\u011finde, Cumhurba\u015fkan\u0131 Yard\u0131mc\u0131s\u0131 Cevdet Y\u0131lmaz\u2019\u0131n te\u015frifleriyle Ankara\u2019da ger\u00e7ekle\u015ftirildi. Denizli Sanayi Odas\u0131 (DSO) Y\u00f6netim Kurulu Ba\u015fkan\u0131 ve Konseyi \u00dcyesi Selim Kasapo\u011flu hem TOBB M\u00fc\u015fterek Konsey Toplant\u0131s\u0131\u2019na hem de ilgili Bakan Yard\u0131mc\u0131lar\u0131n\u0131n kat\u0131ld\u0131\u011f\u0131 TOBB Tekstil ve Konfeksiyon Sekt\u00f6rleri \u0130sti\u015fare Toplant\u0131s\u0131\u2019na kat\u0131larak Denizli\u2019yi temsilen tekstil ba\u015fta olmak \u00fczere sanayinin ortak sorunlar\u0131n\u0131 kapsaml\u0131 bir \u015fekilde aktard\u0131.<\/p>\n<p>Ticaret ve Sanayi Odalar\u0131, Ticaret Borsalar\u0131 ve Deniz Ticaret Odalar\u0131 M\u00fc\u015fterek Konsey Toplant\u0131s\u0131nda s\u00f6z alan Denizli Sanayi Odas\u0131 Y\u00f6netim Kurulu Ba\u015fkan\u0131 Selim Kasapo\u011flu, konu\u015fmas\u0131nda, T\u00fcrkiye imalat sanayisinde ya\u015fanan ciddi istihdam kayb\u0131na dikkat \u00e7ekti. Kasapo\u011flu, kay\u0131plar\u0131n \u00f6zellikle kad\u0131n i\u015f g\u00fcc\u00fcnde ya\u015fanmas\u0131n\u0131 olumsuz etkilerine de\u011finerek verileri payla\u015ft\u0131.<\/p>\n<p>Ba\u015fkan Kasapo\u011flu: &#8220;\u0130malat Sanayindeki \u0130stihdam Kayb\u0131 Alarm Veriyor&#8221;<br \/>\n<br \/>2025 y\u0131l\u0131 \u00fc\u00e7\u00fcnc\u00fc \u00e7eyre\u011finde imalat sanayinde 147 bin ki\u015filik istihdam kayb\u0131n\u0131n ya\u015fand\u0131\u011f\u0131n\u0131 bu kayb\u0131n 107 bininin kad\u0131n istihdam\u0131ndan olu\u015ftu\u011funa dikkat \u00e7ekti. S\u00f6z konusu kayb\u0131n ekonomik sonu\u00e7lar\u0131n\u0131n yan\u0131 s\u0131ra toplumsal a\u00e7\u0131dan da b\u00fcy\u00fck bir tehdit olu\u015fturdu\u011funu vurgulad\u0131.\u00dcretimdeki daralma ve istihdam kay\u0131plar\u0131 d\u0131\u015f\u0131nda sanayicinin en \u00f6nemli sorunlar\u0131n\u0131n kontrol alt\u0131na al\u0131namayan maliyet art\u0131\u015flar\u0131 ve finansmana eri\u015fimde ya\u015fanan sorunlar oldu\u011funu belirten Ba\u015fkan Kasapo\u011flu, bu durumun T\u00fcrk sanayisinin uluslararas\u0131 pazarlardaki rekabet g\u00fcc\u00fcn\u00fc zorlad\u0131\u011f\u0131 ger\u00e7e\u011finin alt\u0131n\u0131 \u00e7izdi. Sanayinin t\u00fcm kollar\u0131nda bu rekabet sorunun devam etmesi halinde geri d\u00f6n\u00fclemez kay\u0131plar\u0131n ya\u015fanabilece\u011fi uyar\u0131s\u0131nda bulundu.<\/p>\n<p>Ba\u015fkan Kasapo\u011flu, sanayinin rekabet sorunlar\u0131n\u0131n a\u015f\u0131labilmesi i\u00e7in \u00e7\u00f6z\u00fcm \u00f6nerilerini aktard\u0131: Konu\u015fmas\u0131n\u0131n devam\u0131nda Cumhurba\u015fkan\u0131 Cevdet Y\u0131lmaz\u2019a al\u0131nacak \u00f6nlemlere ve sanayicilerin beklentilerini ileten Kasapo\u011flu, istihdam\u0131n korunmas\u0131, ihracat ve finansmana eri\u015fimde acil yeni destek mekanizmalar\u0131na ihtiya\u00e7 duyuldu\u011funu belirtti. \u0130stihdam kay\u0131plar\u0131n\u0131n \u00f6nlenebilmesi daha etkin kullanabilecek yeni te\u015fvik programlar\u0131na ihtiya\u00e7 duyuldu\u011funu belirtti.  \u00d6zellikle emek yo\u011fun sekt\u00f6rlerde ya\u015fanan istihdam kay\u0131plar\u0131n\u0131n \u00f6n\u00fcne ge\u00e7ilmesinin \u015fart oldu\u011funu ifade etti. Yeni k\u00fcresel ortamda firmalar\u0131n ihracat yapmakta zorland\u0131\u011f\u0131n\u0131 ancak yine de sanayicinin direndi\u011fini belirten Kasapo\u011flu, emek yo\u011fun sekt\u00f6rleri merkezine alan yeni ve etkin ihracat desteklerinin hayati oldu\u011funun alt\u0131n\u0131 \u00e7izdi.<\/p>\n<p>KOB\u0130\u2019lerin finansmana ve krediye eri\u015fimde ya\u015fad\u0131\u011f\u0131 sorunlar\u0131 aktaran Kasapo\u011flu, uygun faiz ve vade \u015fartlar\u0131n\u0131n sa\u011flanmas\u0131n\u0131n gerekti\u011fini, sanayinin ve \u00fcretimin bel kemi\u011fini olu\u015fturan KOB\u0130\u2019lerin ayakta kalmakta zorland\u0131\u011f\u0131n\u0131 aktard\u0131. Bu noktada finansman sa\u011flayan t\u00fcm kurulu\u015flar\u0131n KOB\u0130\u2019lerin rekabet g\u00fcc\u00fcn\u00fc artt\u0131racak destekler olu\u015fturmas\u0131n\u0131n kritik \u00f6nem ta\u015f\u0131d\u0131\u011f\u0131n\u0131 ifade etti.<\/p>\n<p>Tekstil ve Haz\u0131r Giyim Sekt\u00f6r\u00fc i\u00e7in Kritik Toplant\u0131<br \/>\n<br \/>TOBB ev sahipli\u011finde ger\u00e7ekle\u015ftirilen Tekstil ve Konfeksiyon Sekt\u00f6rleri \u0130sti\u015fare Toplant\u0131s\u0131, Cumhurba\u015fkan\u0131 Yard\u0131mc\u0131s\u0131 Cevdet Y\u0131lmaz\u2019\u0131n te\u015frifleri ve ilgili Bakan Yard\u0131mc\u0131lar\u0131n\u0131n kat\u0131l\u0131m\u0131yla ger\u00e7ekle\u015fti. T\u00fcrkiye\u2019nin tekstil ve haz\u0131r giyim sekt\u00f6r\u00fcn\u00fcn mevcut sorunlar\u0131n\u0131n masaya yat\u0131r\u0131ld\u0131\u011f\u0131 toplant\u0131da, sekt\u00f6r\u00fcn Denizli i\u00e7in stratejik \u00f6nemini vurgulayan Ba\u015fkan Kasapo\u011flu, enerji maliyetleri ba\u015fta olmak \u00fczere sekt\u00f6r\u00fcn kar\u015f\u0131 kar\u015f\u0131ya oldu\u011fu rekabet sorunlar\u0131n\u0131 aktard\u0131. K\u00fcresel iklim de\u011fi\u015fikli\u011fine ba\u011fl\u0131 su sorunu, artan enerji maliyetleri ve sekt\u00f6r\u00fcn kar\u015f\u0131 kar\u015f\u0131ya oldu\u011fu istihdam kay\u0131plar\u0131n\u0131n tekstil sanayisinin rekabet g\u00fcc\u00fcn\u00fc zay\u0131flatt\u0131\u011f\u0131n\u0131 ifade eden Kasapo\u011flu, acil olarak sekt\u00f6r\u00fcn yeni bir d\u00f6n\u00fc\u015f\u00fcme ihtiya\u00e7 duydu\u011funu vurgulad\u0131. \u00dcretim kapasitesi ve olu\u015fturdu\u011fu istihdam g\u00fcc\u00fc ile tekstil ve haz\u0131r giyim sekt\u00f6r\u00fcn\u00fcn \u00fclke ekonomisi i\u00e7in \u00f6nemini ifade eden Kasapo\u011flu, \u00fclke ekonomisi i\u00e7in oldu\u011fu kadar Denizli\u2019nin k\u00f6kl\u00fc sanayisinin de s\u00fcrd\u00fcr\u00fclebilirli\u011fi a\u00e7\u0131s\u0131ndan da vazge\u00e7ilmez oldu\u011funu vurgulad\u0131.  Sekt\u00f6r\u00fcn korunmas\u0131 ve yeni bir hik\u00e2ye yaz\u0131lmas\u0131 i\u00e7in sekt\u00f6r i\u00e7in acil aksiyon al\u0131nmas\u0131 gerekti\u011fini belirtti.<\/p>\n<p>Ba\u015fkan Kasapo\u011flu: &#8220;Tekstil Sekt\u00f6r\u00fc i\u00e7in Son D\u00f6nemde Yap\u0131lan En Verimli Toplant\u0131yd\u0131&#8221;<br \/>\n<br \/>Ba\u015fkan Kasapo\u011flu, sekt\u00f6r\u00fcn ortak ak\u0131lla \u015fekillenen bu g\u00fc\u00e7l\u00fc ileti\u015fim zemininin, \u00f6n\u00fcm\u00fczdeki s\u00fcre\u00e7te Denizli\u2019nin \u00fcretim g\u00fcc\u00fcn\u00fc destekleyecek somut ve pozitif sonu\u00e7lar do\u011furaca\u011f\u0131na inand\u0131\u011f\u0131n\u0131 dile getirdi. Toplant\u0131n\u0131n tekstil ve haz\u0131r giyim sekt\u00f6r\u00fc \u00f6zelinde sorunlar\u0131n ve \u00e7\u00f6z\u00fcm \u00f6nerilerinin masaya yat\u0131r\u0131ld\u0131\u011f\u0131 ve en \u00fcst mercilere iletildi\u011fi son y\u0131llar\u0131n en verimli toplant\u0131s\u0131 oldu\u011funu vurgulad\u0131. Ba\u015fkan Kasapo\u011flu, toplant\u0131n\u0131n ger\u00e7ekle\u015fmesindeki \u00f6nc\u00fcl\u00fckleri i\u00e7in Cumhurba\u015fkan\u0131 Yard\u0131mc\u0131s\u0131 Cevdet Y\u0131lmaz\u2019a, TOBB Ba\u015fkan\u0131 Rifat Hisarc\u0131kl\u0131o\u011flu\u2019na ve katk\u0131 sunan t\u00fcm Bakanl\u0131k temsilcilerine te\u015fekk\u00fcrlerini sunarak s\u00f6zlerini tamamlad\u0131.<br \/><\/p>\n","protected":false},"excerpt":{"rendered":"<p>T\u00fcrkiye sanayisi i\u00e7in \u00f6nemli bulu\u015fmalar, T\u00fcrkiye Odalar ve Borsalar Birli\u011fi (TOBB) Ba\u015fkan\u0131 Rifat Hisarc\u0131kl\u0131o\u011flu\u2019nun ev sahipli\u011finde, Cumhurba\u015fkan\u0131 Yard\u0131mc\u0131s\u0131 Cevdet Y\u0131lmaz\u2019\u0131n te\u015frifleriyle Ankara\u2019da ger\u00e7ekle\u015ftirildi. Denizli Sanayi Odas\u0131 (DSO) Y\u00f6netim Kurulu Ba\u015fkan\u0131 ve Konseyi \u00dcyesi Selim Kasapo\u011flu hem TOBB M\u00fc\u015fterek Konsey Toplant\u0131s\u0131\u2019na hem de ilgili Bakan Yard\u0131mc\u0131lar\u0131n\u0131n kat\u0131ld\u0131\u011f\u0131 TOBB Tekstil ve Konfeksiyon Sekt\u00f6rleri \u0130sti\u015fare Toplant\u0131s\u0131\u2019na kat\u0131larak Denizli\u2019yi&#8230;<\/p>\n","protected":false},"author":1,"featured_media":72591,"comment_status":"open","ping_status":"open","sticky":false,"template":"","format":"standard","meta":{"_crdt_document":"","footnotes":""},"categories":[125],"tags":[],"class_list":["post-72590","post","type-post","status-publish","format-standard","has-post-thumbnail","hentry","category-ekonomi"],"_links":{"self":[{"href":"https:\/\/www.egemtv.com\/index.php?rest_route=\/wp\/v2\/posts\/72590","targetHints":{"allow":["GET"]}}],"collection":[{"href":"https:\/\/www.egemtv.com\/index.php?rest_route=\/wp\/v2\/posts"}],"about":[{"href":"https:\/\/www.egemtv.com\/index.php?rest_route=\/wp\/v2\/types\/post"}],"author":[{"embeddable":true,"href":"https:\/\/www.egemtv.com\/index.php?rest_route=\/wp\/v2\/users\/1"}],"replies":[{"embeddable":true,"href":"https:\/\/www.egemtv.com\/index.php?rest_route=%2Fwp%2Fv2%2Fcomments&post=72590"}],"version-history":[{"count":1,"href":"https:\/\/www.egemtv.com\/index.php?rest_route=\/wp\/v2\/posts\/72590\/revisions"}],"predecessor-version":[{"id":72592,"href":"https:\/\/www.egemtv.com\/index.php?rest_route=\/wp\/v2\/posts\/72590\/revisions\/72592"}],"wp:featuredmedia":[{"embeddable":true,"href":"https:\/\/www.egemtv.com\/index.php?rest_route=\/wp\/v2\/media\/72591"}],"wp:attachment":[{"href":"https:\/\/www.egemtv.com\/index.php?rest_route=%2Fwp%2Fv2%2Fmedia&parent=72590"}],"wp:term":[{"taxonomy":"category","embeddable":true,"href":"https:\/\/www.egemtv.com\/index.php?rest_route=%2Fwp%2Fv2%2Fcategories&post=72590"},{"taxonomy":"post_tag","embeddable":true,"href":"https:\/\/www.egemtv.com\/index.php?rest_route=%2Fwp%2Fv2%2Ftags&post=72590"}],"curies":[{"name":"wp","href":"https:\/\/api.w.org\/{rel}","templated":true}]}}