{"id":72587,"date":"2025-12-07T16:15:43","date_gmt":"2025-12-07T13:15:43","guid":{"rendered":"https:\/\/www.egemtv.com\/?p=72587"},"modified":"2025-12-07T16:15:44","modified_gmt":"2025-12-07T13:15:44","slug":"hakkinda-22-yil-kesinlesmis-hapis-cezasi-bulunan-firari-yakalandi","status":"publish","type":"post","link":"https:\/\/www.egemtv.com\/?p=72587","title":{"rendered":"Hakk\u0131nda 22 y\u0131l kesinle\u015fmi\u015f hapis cezas\u0131 bulunan firari yakaland\u0131"},"content":{"rendered":"<p>Ayd\u0131n \u0130l Emniyet M\u00fcd\u00fcrl\u00fc\u011f\u00fc ekipleri, Denizli A\u00e7\u0131k Ceza \u0130nfaz Kurumu\u2019ndan firar eden ve \u00e7e\u015fitli su\u00e7lardan toplam 22 y\u0131l 8 ay 10 g\u00fcn kesinle\u015fmi\u015f hapis cezas\u0131 bulunan \u015fahs\u0131 d\u00fczenlenen operasyonla yakalad\u0131.<br \/>\n<br \/>Ayd\u0131n \u0130l Emniyet M\u00fcd\u00fcrl\u00fc\u011f\u00fc, aranan \u015fah\u0131slar\u0131n yakalanmas\u0131na y\u00f6nelik y\u00fcr\u00fct\u00fclen \u00e7al\u0131\u015fmalarda \u00f6nemli bir operasyona imza att\u0131. Edinilen bilgiye g\u00f6re, hakk\u0131nda uyu\u015fturucu madde ticareti yapma, infaz kurumuna yasak e\u015fya sokma ile b\u00fcy\u00fckba\u015f-k\u00fc\u00e7\u00fckba\u015f hayvan h\u0131rs\u0131zl\u0131\u011f\u0131 su\u00e7lar\u0131ndan kesinle\u015fmi\u015f 22 y\u0131l 8 ay 10 g\u00fcn hapis cezas\u0131 ve 22 ayr\u0131 su\u00e7 kayd\u0131 bulunan, ge\u00e7ti\u011fimiz g\u00fcnlerde Denizli A\u00e7\u0131k Ceza \u0130nfaz Kurumu\u2019ndan firar eden R.K.\u2019n\u0131n Ayd\u0131n\u2019da oldu\u011fu tespit edildi. Ekiplerin y\u00fcr\u00fctt\u00fc\u011f\u00fc \u00e7al\u0131\u015fmalar neticesinde \u015fahs\u0131n Umurlu Mahallesi\u2019nde sakland\u0131\u011f\u0131 adres belirlendi. Sabah saatlerinde d\u00fczenlenen operasyonla R.K. k\u0131sk\u0131vrak yakaland\u0131. Emniyetteki i\u015flemlerinin ard\u0131ndan sevk edildi\u011fi adli mercilerce tutuklanan R.K. cezaevine g\u00f6nderildi.<br \/><\/p>\n","protected":false},"excerpt":{"rendered":"<p>Ayd\u0131n \u0130l Emniyet M\u00fcd\u00fcrl\u00fc\u011f\u00fc ekipleri, Denizli A\u00e7\u0131k Ceza \u0130nfaz Kurumu\u2019ndan firar eden ve \u00e7e\u015fitli su\u00e7lardan toplam 22 y\u0131l 8 ay 10 g\u00fcn kesinle\u015fmi\u015f hapis cezas\u0131 bulunan \u015fahs\u0131 d\u00fczenlenen operasyonla yakalad\u0131. Ayd\u0131n \u0130l Emniyet M\u00fcd\u00fcrl\u00fc\u011f\u00fc, aranan \u015fah\u0131slar\u0131n yakalanmas\u0131na y\u00f6nelik y\u00fcr\u00fct\u00fclen \u00e7al\u0131\u015fmalarda \u00f6nemli bir operasyona imza att\u0131. Edinilen bilgiye g\u00f6re, hakk\u0131nda uyu\u015fturucu madde ticareti yapma, infaz kurumuna&#8230;<\/p>\n","protected":false},"author":1,"featured_media":72588,"comment_status":"open","ping_status":"open","sticky":false,"template":"","format":"standard","meta":{"_crdt_document":"","footnotes":""},"categories":[5],"tags":[],"class_list":["post-72587","post","type-post","status-publish","format-standard","has-post-thumbnail","hentry","category-asayis"],"_links":{"self":[{"href":"https:\/\/www.egemtv.com\/index.php?rest_route=\/wp\/v2\/posts\/72587","targetHints":{"allow":["GET"]}}],"collection":[{"href":"https:\/\/www.egemtv.com\/index.php?rest_route=\/wp\/v2\/posts"}],"about":[{"href":"https:\/\/www.egemtv.com\/index.php?rest_route=\/wp\/v2\/types\/post"}],"author":[{"embeddable":true,"href":"https:\/\/www.egemtv.com\/index.php?rest_route=\/wp\/v2\/users\/1"}],"replies":[{"embeddable":true,"href":"https:\/\/www.egemtv.com\/index.php?rest_route=%2Fwp%2Fv2%2Fcomments&post=72587"}],"version-history":[{"count":1,"href":"https:\/\/www.egemtv.com\/index.php?rest_route=\/wp\/v2\/posts\/72587\/revisions"}],"predecessor-version":[{"id":72589,"href":"https:\/\/www.egemtv.com\/index.php?rest_route=\/wp\/v2\/posts\/72587\/revisions\/72589"}],"wp:featuredmedia":[{"embeddable":true,"href":"https:\/\/www.egemtv.com\/index.php?rest_route=\/wp\/v2\/media\/72588"}],"wp:attachment":[{"href":"https:\/\/www.egemtv.com\/index.php?rest_route=%2Fwp%2Fv2%2Fmedia&parent=72587"}],"wp:term":[{"taxonomy":"category","embeddable":true,"href":"https:\/\/www.egemtv.com\/index.php?rest_route=%2Fwp%2Fv2%2Fcategories&post=72587"},{"taxonomy":"post_tag","embeddable":true,"href":"https:\/\/www.egemtv.com\/index.php?rest_route=%2Fwp%2Fv2%2Ftags&post=72587"}],"curies":[{"name":"wp","href":"https:\/\/api.w.org\/{rel}","templated":true}]}}