{"id":72581,"date":"2025-12-07T15:56:54","date_gmt":"2025-12-07T12:56:54","guid":{"rendered":"https:\/\/www.egemtv.com\/?p=72581"},"modified":"2025-12-07T15:56:56","modified_gmt":"2025-12-07T12:56:56","slug":"koycegizde-odullu-voleybol-turnuvasi-duzenlendi","status":"publish","type":"post","link":"https:\/\/www.egemtv.com\/?p=72581","title":{"rendered":"K\u00f6yce\u011fiz\u2019de \u00f6d\u00fcll\u00fc Voleybol Turnuvas\u0131 d\u00fczenlendi"},"content":{"rendered":"<p>Mu\u011fla\u2019n\u0131n K\u00f6yce\u011fiz il\u00e7esinde ilk \u00fc\u00e7 dereceye giren tak\u0131mlara para \u00f6d\u00fcl\u00fcn\u00fcn verilece\u011fi Voleybol Turnuvas\u0131 d\u00fczenlendi.<\/p>\n<p>K\u00f6yce\u011fiz Kaymakaml\u0131\u011f\u0131 himayelerinde K\u00f6yce\u011fiz Gen\u00e7lik ve Spor \u0130l\u00e7e M\u00fcd\u00fcrl\u00fc\u011f\u00fc taraf\u0131ndan d\u00fczenlenen Voleybol Turnuvas\u0131 8 Aral\u0131k Pazartesi g\u00fcn\u00fc saat 18.30\u2019da ba\u015flayacak. 25 tak\u0131m\u0131n m\u00fccadele edece\u011fi ve yakla\u015f\u0131k bir bu\u00e7uk ay s\u00fcrecek olan \u2019K\u00f6yce\u011fiz Voleybol Turnuvas\u0131\u2019 Mehmet \u00d6zkaya Kapal\u0131 Spor Salonu\u2019nda ger\u00e7ekle\u015fecek. K\u00f6yce\u011fiz Voleybol Turnuvas\u0131 sonucunda 1. olan tak\u0131ma 15 bin TL, 2. olan tak\u0131ma 10 bin TL, 3. olan tak\u0131ma 5 bin TL \u00f6d\u00fcl verilecek. K\u00f6yce\u011fiz Kaymakaml\u0131\u011f\u0131 taraf\u0131ndan yap\u0131lan a\u00e7\u0131klamada, &#8220;25 tak\u0131m\u0131n m\u00fccadele edece\u011fi ve yakla\u015f\u0131k bir bu\u00e7uk ay s\u00fcrecek olan \u2019K\u00f6yce\u011fiz Voleybol Turnuvas\u0131\u2019 a\u00e7\u0131l\u0131\u015f\u0131na t\u00fcm vatanda\u015flar\u0131m\u0131z\u0131 bekleriz&#8221; denildi.<br \/><\/p>\n","protected":false},"excerpt":{"rendered":"<p>Mu\u011fla\u2019n\u0131n K\u00f6yce\u011fiz il\u00e7esinde ilk \u00fc\u00e7 dereceye giren tak\u0131mlara para \u00f6d\u00fcl\u00fcn\u00fcn verilece\u011fi Voleybol Turnuvas\u0131 d\u00fczenlendi. K\u00f6yce\u011fiz Kaymakaml\u0131\u011f\u0131 himayelerinde K\u00f6yce\u011fiz Gen\u00e7lik ve Spor \u0130l\u00e7e M\u00fcd\u00fcrl\u00fc\u011f\u00fc taraf\u0131ndan d\u00fczenlenen Voleybol Turnuvas\u0131 8 Aral\u0131k Pazartesi g\u00fcn\u00fc saat 18.30\u2019da ba\u015flayacak. 25 tak\u0131m\u0131n m\u00fccadele edece\u011fi ve yakla\u015f\u0131k bir bu\u00e7uk ay s\u00fcrecek olan \u2019K\u00f6yce\u011fiz Voleybol Turnuvas\u0131\u2019 Mehmet \u00d6zkaya Kapal\u0131 Spor Salonu\u2019nda ger\u00e7ekle\u015fecek. K\u00f6yce\u011fiz&#8230;<\/p>\n","protected":false},"author":1,"featured_media":72582,"comment_status":"open","ping_status":"open","sticky":false,"template":"","format":"standard","meta":{"_crdt_document":"","footnotes":""},"categories":[4],"tags":[],"class_list":["post-72581","post","type-post","status-publish","format-standard","has-post-thumbnail","hentry","category-spor"],"_links":{"self":[{"href":"https:\/\/www.egemtv.com\/index.php?rest_route=\/wp\/v2\/posts\/72581","targetHints":{"allow":["GET"]}}],"collection":[{"href":"https:\/\/www.egemtv.com\/index.php?rest_route=\/wp\/v2\/posts"}],"about":[{"href":"https:\/\/www.egemtv.com\/index.php?rest_route=\/wp\/v2\/types\/post"}],"author":[{"embeddable":true,"href":"https:\/\/www.egemtv.com\/index.php?rest_route=\/wp\/v2\/users\/1"}],"replies":[{"embeddable":true,"href":"https:\/\/www.egemtv.com\/index.php?rest_route=%2Fwp%2Fv2%2Fcomments&post=72581"}],"version-history":[{"count":1,"href":"https:\/\/www.egemtv.com\/index.php?rest_route=\/wp\/v2\/posts\/72581\/revisions"}],"predecessor-version":[{"id":72583,"href":"https:\/\/www.egemtv.com\/index.php?rest_route=\/wp\/v2\/posts\/72581\/revisions\/72583"}],"wp:featuredmedia":[{"embeddable":true,"href":"https:\/\/www.egemtv.com\/index.php?rest_route=\/wp\/v2\/media\/72582"}],"wp:attachment":[{"href":"https:\/\/www.egemtv.com\/index.php?rest_route=%2Fwp%2Fv2%2Fmedia&parent=72581"}],"wp:term":[{"taxonomy":"category","embeddable":true,"href":"https:\/\/www.egemtv.com\/index.php?rest_route=%2Fwp%2Fv2%2Fcategories&post=72581"},{"taxonomy":"post_tag","embeddable":true,"href":"https:\/\/www.egemtv.com\/index.php?rest_route=%2Fwp%2Fv2%2Ftags&post=72581"}],"curies":[{"name":"wp","href":"https:\/\/api.w.org\/{rel}","templated":true}]}}