{"id":72578,"date":"2025-12-07T15:56:53","date_gmt":"2025-12-07T12:56:53","guid":{"rendered":"https:\/\/www.egemtv.com\/?p=72578"},"modified":"2025-12-07T15:56:54","modified_gmt":"2025-12-07T12:56:54","slug":"baskan-cercioglundan-ismet-sezginin-aramizdan-ayrilisinin-yil-donumunde-lokma-hayri","status":"publish","type":"post","link":"https:\/\/www.egemtv.com\/?p=72578","title":{"rendered":"Ba\u015fkan \u00c7er\u00e7io\u011flu\u2019ndan \u0130smet Sezgin\u2019in aram\u0131zdan ayr\u0131l\u0131\u015f\u0131n\u0131n y\u0131l d\u00f6n\u00fcm\u00fcnde lokma hayr\u0131"},"content":{"rendered":"<p>Ayd\u0131n B\u00fcy\u00fck\u015fehir Belediyesi, Ayd\u0131nl\u0131 siyaset\u00e7i \u0130smet Sezgin\u2019in aram\u0131zdan ayr\u0131l\u0131\u015f\u0131n\u0131n 9\u2019uncu y\u0131l d\u00f6n\u00fcm\u00fcnde lokma hayr\u0131 d\u00fczenledi.<\/p>\n<p>T\u00fcrk siyasi tarihinin \u00f6nemli isimlerinden Ayd\u0131nl\u0131 siyaset\u00e7i \u0130smet Sezgin, Ayd\u0131n Belediye Ba\u015fkanl\u0131\u011f\u0131\u2019n\u0131n yan\u0131 s\u0131ra Gen\u00e7lik ve Spor, Maliye, \u0130\u00e7i\u015fleri ve Milli Savunma bakanl\u0131klar\u0131 g\u00f6revlerinde bulundu. Ayr\u0131ca bir d\u00f6nem Ba\u015fbakan Yard\u0131mc\u0131l\u0131\u011f\u0131 ve TBMM Ba\u015fkanl\u0131\u011f\u0131 yapt\u0131. Sezgin i\u00e7in Efeler il\u00e7esi Bey Camii \u00f6n\u00fcnde yap\u0131lan lokma hayr\u0131ndan alan vatanda\u015flar, Sezgin\u2019i unutmad\u0131\u011f\u0131 i\u00e7in Ayd\u0131n B\u00fcy\u00fck\u015fehir Belediye Ba\u015fkan\u0131 \u00d6zlem \u00c7er\u00e7io\u011flu\u2019na te\u015fekk\u00fcr etti. Vefat\u0131n\u0131n y\u0131l d\u00f6n\u00fcm\u00fcnde Sezgin\u2019i sayg\u0131 ve rahmetle and\u0131\u011f\u0131n\u0131 belirten Ba\u015fkan \u00c7er\u00e7io\u011flu, &#8220;T\u00fcrk siyasetinde \u2018\u2018\u0130smet Abi\u2019\u2019 olarak an\u0131lan \u0130smet Sezgin\u2019i vefat\u0131n\u0131n y\u0131l d\u00f6n\u00fcm\u00fcnde sayg\u0131 ve rahmetle an\u0131yorum&#8221; ifadelerini kulland\u0131.<br \/><\/p>\n","protected":false},"excerpt":{"rendered":"<p>Ayd\u0131n B\u00fcy\u00fck\u015fehir Belediyesi, Ayd\u0131nl\u0131 siyaset\u00e7i \u0130smet Sezgin\u2019in aram\u0131zdan ayr\u0131l\u0131\u015f\u0131n\u0131n 9\u2019uncu y\u0131l d\u00f6n\u00fcm\u00fcnde lokma hayr\u0131 d\u00fczenledi. T\u00fcrk siyasi tarihinin \u00f6nemli isimlerinden Ayd\u0131nl\u0131 siyaset\u00e7i \u0130smet Sezgin, Ayd\u0131n Belediye Ba\u015fkanl\u0131\u011f\u0131\u2019n\u0131n yan\u0131 s\u0131ra Gen\u00e7lik ve Spor, Maliye, \u0130\u00e7i\u015fleri ve Milli Savunma bakanl\u0131klar\u0131 g\u00f6revlerinde bulundu. Ayr\u0131ca bir d\u00f6nem Ba\u015fbakan Yard\u0131mc\u0131l\u0131\u011f\u0131 ve TBMM Ba\u015fkanl\u0131\u011f\u0131 yapt\u0131. Sezgin i\u00e7in Efeler il\u00e7esi Bey Camii&#8230;<\/p>\n","protected":false},"author":1,"featured_media":72579,"comment_status":"open","ping_status":"open","sticky":false,"template":"","format":"standard","meta":{"_crdt_document":"","footnotes":""},"categories":[1],"tags":[],"class_list":["post-72578","post","type-post","status-publish","format-standard","has-post-thumbnail","hentry","category-guncel"],"_links":{"self":[{"href":"https:\/\/www.egemtv.com\/index.php?rest_route=\/wp\/v2\/posts\/72578","targetHints":{"allow":["GET"]}}],"collection":[{"href":"https:\/\/www.egemtv.com\/index.php?rest_route=\/wp\/v2\/posts"}],"about":[{"href":"https:\/\/www.egemtv.com\/index.php?rest_route=\/wp\/v2\/types\/post"}],"author":[{"embeddable":true,"href":"https:\/\/www.egemtv.com\/index.php?rest_route=\/wp\/v2\/users\/1"}],"replies":[{"embeddable":true,"href":"https:\/\/www.egemtv.com\/index.php?rest_route=%2Fwp%2Fv2%2Fcomments&post=72578"}],"version-history":[{"count":1,"href":"https:\/\/www.egemtv.com\/index.php?rest_route=\/wp\/v2\/posts\/72578\/revisions"}],"predecessor-version":[{"id":72580,"href":"https:\/\/www.egemtv.com\/index.php?rest_route=\/wp\/v2\/posts\/72578\/revisions\/72580"}],"wp:featuredmedia":[{"embeddable":true,"href":"https:\/\/www.egemtv.com\/index.php?rest_route=\/wp\/v2\/media\/72579"}],"wp:attachment":[{"href":"https:\/\/www.egemtv.com\/index.php?rest_route=%2Fwp%2Fv2%2Fmedia&parent=72578"}],"wp:term":[{"taxonomy":"category","embeddable":true,"href":"https:\/\/www.egemtv.com\/index.php?rest_route=%2Fwp%2Fv2%2Fcategories&post=72578"},{"taxonomy":"post_tag","embeddable":true,"href":"https:\/\/www.egemtv.com\/index.php?rest_route=%2Fwp%2Fv2%2Ftags&post=72578"}],"curies":[{"name":"wp","href":"https:\/\/api.w.org\/{rel}","templated":true}]}}