{"id":72575,"date":"2025-12-07T15:35:46","date_gmt":"2025-12-07T12:35:46","guid":{"rendered":"https:\/\/www.egemtv.com\/?p=72575"},"modified":"2025-12-07T15:35:47","modified_gmt":"2025-12-07T12:35:47","slug":"isciler-yagmur-ve-camuru-aldiris-etmeden-uretime-devam-ediyor","status":"publish","type":"post","link":"https:\/\/www.egemtv.com\/?p=72575","title":{"rendered":"\u0130\u015f\u00e7iler ya\u011fmur ve \u00e7amuru ald\u0131r\u0131\u015f etmeden \u00fcretime devam ediyor"},"content":{"rendered":"<p>Manisa\u2019n\u0131n Sar\u0131g\u00f6l il\u00e7esinde \u00fcreticiler ve tar\u0131m i\u015f\u00e7ileri, ya\u011fmurun olu\u015fturdu\u011fu \u00e7amura ra\u011fmen \u00fcz\u00fcm hasad\u0131n\u0131 aksatmadan devam ediyor. Red Globe ve Sultaniye kesimleri t\u00fcm zorluklara ra\u011fmen devam ederken, hasat edilen \u00fcz\u00fcmler \u00e7evre illere g\u00f6nderiliyor.<br \/>\n<br \/>Sar\u0131g\u00f6l ve \u00e7evresinde \u00fcz\u00fcm hasad\u0131, ya\u011fmur ve \u00e7amura ra\u011fmen aral\u0131ks\u0131z s\u00fcr\u00fcyor. Son g\u00fcnlerde etkili olan ya\u011f\u0131\u015flar\u0131n ba\u011f yollar\u0131n\u0131 \u00e7amurla kaplamas\u0131na ra\u011fmen tar\u0131m i\u015f\u00e7ileri kesim \u00e7al\u0131\u015fmalar\u0131na h\u0131z kesmeden devam ediyor.<br \/>\n<br \/>\u00d6rt\u00fc alt\u0131nda yeti\u015ftirilen Red Globe ve Sultaniye \u00fcz\u00fcm \u00e7e\u015fitlerinin hasad\u0131n\u0131 yapan i\u015f\u00e7iler, ya\u011fmurluk ve \u00e7izme kullanarak zor \u015fartlarda \u00e7al\u0131\u015fmalar\u0131n\u0131 s\u00fcrd\u00fcr\u00fcyor.<br \/>\n<br \/>Sar\u0131g\u00f6l\u2019de \u00fcz\u00fcm al\u0131m\u0131 yapan Ferdi Karaku\u015f, Red Globe \u00fcz\u00fcm\u00fcn kilosunun 50 TL, Sultaniye \u00fcz\u00fcm\u00fcn kilosunun ise 40 TL oldu\u011funu belirterek \u015f\u00f6yle konu\u015ftu:<br \/>\n<br \/>&#8220;Yurt i\u00e7i \u00fcz\u00fcm i\u015fi yap\u0131yorum ve her g\u00fcn kesime \u00e7\u0131k\u0131yoruz. Ya\u011fmur y\u00fcz\u00fcnden toprak \u00e7amur olsa da i\u015f\u00e7ilerimiz gerekli \u00f6nlemleri alarak hasad\u0131 aksatm\u0131yor. \u00dcz\u00fcmlerimizi g\u00fcnl\u00fck olarak kamyonumuza y\u00fckleyip Ayd\u0131n ve Isparta\u2019ya g\u00f6nderiyoruz. \u0130\u015f\u00e7ilerimiz ger\u00e7ekten b\u00fcy\u00fck fedakarl\u0131k yap\u0131yor.&#8221;<br \/>\n<br \/>Sar\u0131g\u00f6l ve \u00e7evresinde \u00fcz\u00fcm hasad\u0131n\u0131n hava \u015fartlar\u0131na ra\u011fmen devam etti\u011fini de s\u00f6zlerine ekledi.<br \/><\/p>\n","protected":false},"excerpt":{"rendered":"<p>Manisa\u2019n\u0131n Sar\u0131g\u00f6l il\u00e7esinde \u00fcreticiler ve tar\u0131m i\u015f\u00e7ileri, ya\u011fmurun olu\u015fturdu\u011fu \u00e7amura ra\u011fmen \u00fcz\u00fcm hasad\u0131n\u0131 aksatmadan devam ediyor. Red Globe ve Sultaniye kesimleri t\u00fcm zorluklara ra\u011fmen devam ederken, hasat edilen \u00fcz\u00fcmler \u00e7evre illere g\u00f6nderiliyor. Sar\u0131g\u00f6l ve \u00e7evresinde \u00fcz\u00fcm hasad\u0131, ya\u011fmur ve \u00e7amura ra\u011fmen aral\u0131ks\u0131z s\u00fcr\u00fcyor. Son g\u00fcnlerde etkili olan ya\u011f\u0131\u015flar\u0131n ba\u011f yollar\u0131n\u0131 \u00e7amurla kaplamas\u0131na ra\u011fmen tar\u0131m i\u015f\u00e7ileri&#8230;<\/p>\n","protected":false},"author":1,"featured_media":72576,"comment_status":"open","ping_status":"open","sticky":false,"template":"","format":"standard","meta":{"_crdt_document":"","footnotes":""},"categories":[125],"tags":[],"class_list":["post-72575","post","type-post","status-publish","format-standard","has-post-thumbnail","hentry","category-ekonomi"],"_links":{"self":[{"href":"https:\/\/www.egemtv.com\/index.php?rest_route=\/wp\/v2\/posts\/72575","targetHints":{"allow":["GET"]}}],"collection":[{"href":"https:\/\/www.egemtv.com\/index.php?rest_route=\/wp\/v2\/posts"}],"about":[{"href":"https:\/\/www.egemtv.com\/index.php?rest_route=\/wp\/v2\/types\/post"}],"author":[{"embeddable":true,"href":"https:\/\/www.egemtv.com\/index.php?rest_route=\/wp\/v2\/users\/1"}],"replies":[{"embeddable":true,"href":"https:\/\/www.egemtv.com\/index.php?rest_route=%2Fwp%2Fv2%2Fcomments&post=72575"}],"version-history":[{"count":1,"href":"https:\/\/www.egemtv.com\/index.php?rest_route=\/wp\/v2\/posts\/72575\/revisions"}],"predecessor-version":[{"id":72577,"href":"https:\/\/www.egemtv.com\/index.php?rest_route=\/wp\/v2\/posts\/72575\/revisions\/72577"}],"wp:featuredmedia":[{"embeddable":true,"href":"https:\/\/www.egemtv.com\/index.php?rest_route=\/wp\/v2\/media\/72576"}],"wp:attachment":[{"href":"https:\/\/www.egemtv.com\/index.php?rest_route=%2Fwp%2Fv2%2Fmedia&parent=72575"}],"wp:term":[{"taxonomy":"category","embeddable":true,"href":"https:\/\/www.egemtv.com\/index.php?rest_route=%2Fwp%2Fv2%2Fcategories&post=72575"},{"taxonomy":"post_tag","embeddable":true,"href":"https:\/\/www.egemtv.com\/index.php?rest_route=%2Fwp%2Fv2%2Ftags&post=72575"}],"curies":[{"name":"wp","href":"https:\/\/api.w.org\/{rel}","templated":true}]}}