{"id":72572,"date":"2025-12-07T14:36:42","date_gmt":"2025-12-07T11:36:42","guid":{"rendered":"https:\/\/www.egemtv.com\/?p=72572"},"modified":"2025-12-07T14:36:43","modified_gmt":"2025-12-07T11:36:43","slug":"bagda-kalan-uzumler-ev-ekonomisine-can-suyu-oluyor","status":"publish","type":"post","link":"https:\/\/www.egemtv.com\/?p=72572","title":{"rendered":"Ba\u011fda kalan \u00fcz\u00fcmler ev ekonomisine can suyu oluyor"},"content":{"rendered":"<p>Manisa\u2019n\u0131n Sar\u0131g\u00f6l il\u00e7esinde \u00fcreticiler, hasat sonras\u0131 dalda kalan \u00fcz\u00fcmleri toplayarak pekmezden sirkeye bir\u00e7ok \u00fcr\u00fcne d\u00f6n\u00fc\u015ft\u00fcr\u00fcp aile b\u00fct\u00e7esine katk\u0131 sa\u011fl\u0131yor.<br \/>\n<br \/>Manisa\u2019n\u0131n Sar\u0131g\u00f6l il\u00e7esinde hasad\u0131 tamamlanan \u00fcz\u00fcm ba\u011flar\u0131nda dal\u0131nda kalan salk\u0131mlar, ba\u011f sahipleri taraf\u0131ndan ailece toplanarak ev ekonomisine kazand\u0131r\u0131l\u0131yor.<br \/>\n<br \/>Hasat ve \u00f6rt\u00fc toplama i\u015flemlerinin ard\u0131ndan ba\u011flar\u0131 tek tek dola\u015fan \u00fcreticiler, dallarda kalan \u00fcz\u00fcmleri toplayarak evlerinde pekmez, sirke ve \u00fcz\u00fcm k\u00f6ftesi gibi geleneksel \u00fcr\u00fcnlere d\u00f6n\u00fc\u015ft\u00fcr\u00fcyor. \u00dcz\u00fcm \u00fcreticisi Serhat Akkaya, bu y\u00f6ntemle hem israf\u0131n \u00f6n\u00fcne ge\u00e7tiklerini hem de aile b\u00fct\u00e7esine ek gelir sa\u011flad\u0131klar\u0131n\u0131 belirtti.<br \/>\n<br \/>\u00dcretici Akkaya, &#8220;Bu y\u0131l sezonu bitirdik. Ba\u011flar\u0131n i\u00e7inde kalan \u00fcz\u00fcmleri ailece toplay\u0131p evimizde pekmez, sirke ve \u00fcz\u00fcm k\u00f6ftesi olarak de\u011ferlendirmekteyiz. Buradan elde edilen gelir de aile ekonomimize destek olmaktad\u0131r.&#8221; dedi.<br \/><\/p>\n","protected":false},"excerpt":{"rendered":"<p>Manisa\u2019n\u0131n Sar\u0131g\u00f6l il\u00e7esinde \u00fcreticiler, hasat sonras\u0131 dalda kalan \u00fcz\u00fcmleri toplayarak pekmezden sirkeye bir\u00e7ok \u00fcr\u00fcne d\u00f6n\u00fc\u015ft\u00fcr\u00fcp aile b\u00fct\u00e7esine katk\u0131 sa\u011fl\u0131yor. Manisa\u2019n\u0131n Sar\u0131g\u00f6l il\u00e7esinde hasad\u0131 tamamlanan \u00fcz\u00fcm ba\u011flar\u0131nda dal\u0131nda kalan salk\u0131mlar, ba\u011f sahipleri taraf\u0131ndan ailece toplanarak ev ekonomisine kazand\u0131r\u0131l\u0131yor. Hasat ve \u00f6rt\u00fc toplama i\u015flemlerinin ard\u0131ndan ba\u011flar\u0131 tek tek dola\u015fan \u00fcreticiler, dallarda kalan \u00fcz\u00fcmleri toplayarak evlerinde pekmez, sirke&#8230;<\/p>\n","protected":false},"author":1,"featured_media":72573,"comment_status":"open","ping_status":"open","sticky":false,"template":"","format":"standard","meta":{"_crdt_document":"","footnotes":""},"categories":[125],"tags":[],"class_list":["post-72572","post","type-post","status-publish","format-standard","has-post-thumbnail","hentry","category-ekonomi"],"_links":{"self":[{"href":"https:\/\/www.egemtv.com\/index.php?rest_route=\/wp\/v2\/posts\/72572","targetHints":{"allow":["GET"]}}],"collection":[{"href":"https:\/\/www.egemtv.com\/index.php?rest_route=\/wp\/v2\/posts"}],"about":[{"href":"https:\/\/www.egemtv.com\/index.php?rest_route=\/wp\/v2\/types\/post"}],"author":[{"embeddable":true,"href":"https:\/\/www.egemtv.com\/index.php?rest_route=\/wp\/v2\/users\/1"}],"replies":[{"embeddable":true,"href":"https:\/\/www.egemtv.com\/index.php?rest_route=%2Fwp%2Fv2%2Fcomments&post=72572"}],"version-history":[{"count":1,"href":"https:\/\/www.egemtv.com\/index.php?rest_route=\/wp\/v2\/posts\/72572\/revisions"}],"predecessor-version":[{"id":72574,"href":"https:\/\/www.egemtv.com\/index.php?rest_route=\/wp\/v2\/posts\/72572\/revisions\/72574"}],"wp:featuredmedia":[{"embeddable":true,"href":"https:\/\/www.egemtv.com\/index.php?rest_route=\/wp\/v2\/media\/72573"}],"wp:attachment":[{"href":"https:\/\/www.egemtv.com\/index.php?rest_route=%2Fwp%2Fv2%2Fmedia&parent=72572"}],"wp:term":[{"taxonomy":"category","embeddable":true,"href":"https:\/\/www.egemtv.com\/index.php?rest_route=%2Fwp%2Fv2%2Fcategories&post=72572"},{"taxonomy":"post_tag","embeddable":true,"href":"https:\/\/www.egemtv.com\/index.php?rest_route=%2Fwp%2Fv2%2Ftags&post=72572"}],"curies":[{"name":"wp","href":"https:\/\/api.w.org\/{rel}","templated":true}]}}