{"id":72569,"date":"2025-12-07T13:34:42","date_gmt":"2025-12-07T10:34:42","guid":{"rendered":"https:\/\/www.egemtv.com\/?p=72569"},"modified":"2025-12-07T13:34:43","modified_gmt":"2025-12-07T10:34:43","slug":"ameliyat-yaptigi-sirada-kalp-krizi-geciren-doktor-hayatini-kaybetti","status":"publish","type":"post","link":"https:\/\/www.egemtv.com\/?p=72569","title":{"rendered":"Ameliyat yapt\u0131\u011f\u0131 s\u0131rada kalp krizi ge\u00e7iren doktor hayat\u0131n\u0131 kaybetti"},"content":{"rendered":"<p>Manisa\u2019n\u0131n Salihli il\u00e7esinde ameliyat yaparken kalp krizi ge\u00e7iren doktor hayat\u0131n\u0131 kaybetti.<br \/>\n<br \/>Salihli il\u00e7esinde \u00f6zel bir hastanede g\u00f6rev yapan Genel Cerrahi Uzman\u0131 Op. Dr. \u0130zzettin T\u00fcrkarslan (55), d\u00fcn ak\u015fam ameliyathanede hastas\u0131yla ilgili bir operasyon ger\u00e7ekle\u015ftirdi\u011fi esnada aniden fenala\u015ft\u0131. T\u00fcrkarslan\u2019a ilk m\u00fcdahaleyi g\u00f6rev yapt\u0131\u011f\u0131 hastanedeki meslekta\u015flar\u0131 yapt\u0131. Evli ve 2 \u00e7ocuk babas\u0131 olan \u0130zzettin T\u00fcrkarslan, yap\u0131lan t\u00fcm m\u00fcdahalelere ra\u011fmen kurtar\u0131lamad\u0131.<\/p>\n<p>Hastane \u00f6n\u00fcnde t\u00f6ren d\u00fczenlendi<br \/>\n<br \/>Op. Dr. \u0130zzettin T\u00fcrkarslan i\u00e7in g\u00f6rev yapt\u0131\u011f\u0131 hastane \u00f6n\u00fcnde d\u00fczenlenen t\u00f6rende meslekta\u015flar\u0131, hastane \u00e7al\u0131\u015fanlar\u0131 ve sevenleri g\u00f6zya\u015f\u0131 d\u00f6kt\u00fc. T\u00fcrkarslan\u2019\u0131n cenazesinin ikindi namaz\u0131n\u0131 m\u00fcteakip k\u0131l\u0131nacak cenaze namaz\u0131n\u0131n ard\u0131ndan Denizli\u2019de topra\u011fa verilece\u011fi \u00f6\u011frenildi.<br \/><\/p>\n","protected":false},"excerpt":{"rendered":"<p>Manisa\u2019n\u0131n Salihli il\u00e7esinde ameliyat yaparken kalp krizi ge\u00e7iren doktor hayat\u0131n\u0131 kaybetti. Salihli il\u00e7esinde \u00f6zel bir hastanede g\u00f6rev yapan Genel Cerrahi Uzman\u0131 Op. Dr. \u0130zzettin T\u00fcrkarslan (55), d\u00fcn ak\u015fam ameliyathanede hastas\u0131yla ilgili bir operasyon ger\u00e7ekle\u015ftirdi\u011fi esnada aniden fenala\u015ft\u0131. T\u00fcrkarslan\u2019a ilk m\u00fcdahaleyi g\u00f6rev yapt\u0131\u011f\u0131 hastanedeki meslekta\u015flar\u0131 yapt\u0131. Evli ve 2 \u00e7ocuk babas\u0131 olan \u0130zzettin T\u00fcrkarslan, yap\u0131lan t\u00fcm&#8230;<\/p>\n","protected":false},"author":1,"featured_media":72570,"comment_status":"open","ping_status":"open","sticky":false,"template":"","format":"standard","meta":{"_crdt_document":"","footnotes":""},"categories":[5],"tags":[],"class_list":["post-72569","post","type-post","status-publish","format-standard","has-post-thumbnail","hentry","category-asayis"],"_links":{"self":[{"href":"https:\/\/www.egemtv.com\/index.php?rest_route=\/wp\/v2\/posts\/72569","targetHints":{"allow":["GET"]}}],"collection":[{"href":"https:\/\/www.egemtv.com\/index.php?rest_route=\/wp\/v2\/posts"}],"about":[{"href":"https:\/\/www.egemtv.com\/index.php?rest_route=\/wp\/v2\/types\/post"}],"author":[{"embeddable":true,"href":"https:\/\/www.egemtv.com\/index.php?rest_route=\/wp\/v2\/users\/1"}],"replies":[{"embeddable":true,"href":"https:\/\/www.egemtv.com\/index.php?rest_route=%2Fwp%2Fv2%2Fcomments&post=72569"}],"version-history":[{"count":1,"href":"https:\/\/www.egemtv.com\/index.php?rest_route=\/wp\/v2\/posts\/72569\/revisions"}],"predecessor-version":[{"id":72571,"href":"https:\/\/www.egemtv.com\/index.php?rest_route=\/wp\/v2\/posts\/72569\/revisions\/72571"}],"wp:featuredmedia":[{"embeddable":true,"href":"https:\/\/www.egemtv.com\/index.php?rest_route=\/wp\/v2\/media\/72570"}],"wp:attachment":[{"href":"https:\/\/www.egemtv.com\/index.php?rest_route=%2Fwp%2Fv2%2Fmedia&parent=72569"}],"wp:term":[{"taxonomy":"category","embeddable":true,"href":"https:\/\/www.egemtv.com\/index.php?rest_route=%2Fwp%2Fv2%2Fcategories&post=72569"},{"taxonomy":"post_tag","embeddable":true,"href":"https:\/\/www.egemtv.com\/index.php?rest_route=%2Fwp%2Fv2%2Ftags&post=72569"}],"curies":[{"name":"wp","href":"https:\/\/api.w.org\/{rel}","templated":true}]}}