{"id":72566,"date":"2025-12-07T13:15:14","date_gmt":"2025-12-07T10:15:14","guid":{"rendered":"https:\/\/www.egemtv.com\/?p=72566"},"modified":"2025-12-07T13:15:15","modified_gmt":"2025-12-07T10:15:15","slug":"aydin-il-tarim-mudurlugunden-ureticilere-cks-hatirlatmasi","status":"publish","type":"post","link":"https:\/\/www.egemtv.com\/?p=72566","title":{"rendered":"Ayd\u0131n \u0130l Tar\u0131m M\u00fcd\u00fcrl\u00fc\u011f\u00fc\u2019nden \u00fcreticilere \u00c7KS hat\u0131rlatmas\u0131"},"content":{"rendered":"<p>Ayd\u0131n \u0130l Tar\u0131m ve Orman M\u00fcd\u00fcrl\u00fc\u011f\u00fc, 2026 \u00fcretim y\u0131l\u0131 \u00c7ift\u00e7i Kay\u0131t Sistemi (\u00c7KS) ba\u015fvurular\u0131nda sona yakla\u015f\u0131l\u0131rken \u00fcreticilere g\u00fc\u00e7l\u00fc bir hat\u0131rlatma yapt\u0131. M\u00fcd\u00fcrl\u00fck, tar\u0131msal desteklemelerden yararlanmak isteyen \u00fcreticilerin dosya kay\u0131tlar\u0131n\u0131 31 Aral\u0131k 2025 tarihine kadar tamamlamas\u0131 gerekti\u011fini belirtti.<\/p>\n<p>Ayd\u0131n \u0130l Tar\u0131m ve Orman M\u00fcd\u00fcrl\u00fc\u011f\u00fc taraf\u0131ndan yap\u0131lan bilgilendirmede, 2026 \u00fcretim y\u0131l\u0131na ait \u00c7KS m\u00fcracaatlar\u0131nda s\u00fcrecin son g\u00fcnlerine girildi\u011fi ve ba\u015fvuru kayd\u0131 bulunmayan \u00fcreticilerin desteklemelerden yararlanabilmeleri i\u00e7in kay\u0131tlar\u0131n\u0131 mutlaka g\u00fcncellemesi gerekti\u011fi ifade edildi. A\u00e7\u0131klamada, \u00fcreticilerin ba\u015fvurular\u0131n\u0131 ister e-Devlet sistemi \u00fczerinden isterlerse ba\u011fl\u0131 bulunduklar\u0131 Ziraat Odas\u0131\u2019na giderek tamamlayabilecekleri hat\u0131rlat\u0131ld\u0131. \u00c7KS kay\u0131tlar\u0131n\u0131 hen\u00fcz yapt\u0131rmam\u0131\u015f \u00fcreticilerin zaman kaybetmemesi gerekti\u011fine dikkat \u00e7ekilen a\u00e7\u0131klamada, ya\u015fanabilecek ma\u011fduriyetlerin \u00f6n\u00fcne ge\u00e7mek i\u00e7in m\u00fcracaatlar\u0131n son g\u00fcne b\u0131rak\u0131lmamas\u0131 gerekti\u011fi vurguland\u0131.<br \/><\/p>\n","protected":false},"excerpt":{"rendered":"<p>Ayd\u0131n \u0130l Tar\u0131m ve Orman M\u00fcd\u00fcrl\u00fc\u011f\u00fc, 2026 \u00fcretim y\u0131l\u0131 \u00c7ift\u00e7i Kay\u0131t Sistemi (\u00c7KS) ba\u015fvurular\u0131nda sona yakla\u015f\u0131l\u0131rken \u00fcreticilere g\u00fc\u00e7l\u00fc bir hat\u0131rlatma yapt\u0131. M\u00fcd\u00fcrl\u00fck, tar\u0131msal desteklemelerden yararlanmak isteyen \u00fcreticilerin dosya kay\u0131tlar\u0131n\u0131 31 Aral\u0131k 2025 tarihine kadar tamamlamas\u0131 gerekti\u011fini belirtti. Ayd\u0131n \u0130l Tar\u0131m ve Orman M\u00fcd\u00fcrl\u00fc\u011f\u00fc taraf\u0131ndan yap\u0131lan bilgilendirmede, 2026 \u00fcretim y\u0131l\u0131na ait \u00c7KS m\u00fcracaatlar\u0131nda s\u00fcrecin son g\u00fcnlerine&#8230;<\/p>\n","protected":false},"author":1,"featured_media":72567,"comment_status":"open","ping_status":"open","sticky":false,"template":"","format":"standard","meta":{"_crdt_document":"","footnotes":""},"categories":[1],"tags":[],"class_list":["post-72566","post","type-post","status-publish","format-standard","has-post-thumbnail","hentry","category-guncel"],"_links":{"self":[{"href":"https:\/\/www.egemtv.com\/index.php?rest_route=\/wp\/v2\/posts\/72566","targetHints":{"allow":["GET"]}}],"collection":[{"href":"https:\/\/www.egemtv.com\/index.php?rest_route=\/wp\/v2\/posts"}],"about":[{"href":"https:\/\/www.egemtv.com\/index.php?rest_route=\/wp\/v2\/types\/post"}],"author":[{"embeddable":true,"href":"https:\/\/www.egemtv.com\/index.php?rest_route=\/wp\/v2\/users\/1"}],"replies":[{"embeddable":true,"href":"https:\/\/www.egemtv.com\/index.php?rest_route=%2Fwp%2Fv2%2Fcomments&post=72566"}],"version-history":[{"count":1,"href":"https:\/\/www.egemtv.com\/index.php?rest_route=\/wp\/v2\/posts\/72566\/revisions"}],"predecessor-version":[{"id":72568,"href":"https:\/\/www.egemtv.com\/index.php?rest_route=\/wp\/v2\/posts\/72566\/revisions\/72568"}],"wp:featuredmedia":[{"embeddable":true,"href":"https:\/\/www.egemtv.com\/index.php?rest_route=\/wp\/v2\/media\/72567"}],"wp:attachment":[{"href":"https:\/\/www.egemtv.com\/index.php?rest_route=%2Fwp%2Fv2%2Fmedia&parent=72566"}],"wp:term":[{"taxonomy":"category","embeddable":true,"href":"https:\/\/www.egemtv.com\/index.php?rest_route=%2Fwp%2Fv2%2Fcategories&post=72566"},{"taxonomy":"post_tag","embeddable":true,"href":"https:\/\/www.egemtv.com\/index.php?rest_route=%2Fwp%2Fv2%2Ftags&post=72566"}],"curies":[{"name":"wp","href":"https:\/\/api.w.org\/{rel}","templated":true}]}}