{"id":72563,"date":"2025-12-07T12:34:56","date_gmt":"2025-12-07T09:34:56","guid":{"rendered":"https:\/\/www.egemtv.com\/?p=72563"},"modified":"2025-12-07T12:34:56","modified_gmt":"2025-12-07T09:34:56","slug":"baskan-erkan-ozkan-bolgesel-istisare-toplantilarini-surduruyor","status":"publish","type":"post","link":"https:\/\/www.egemtv.com\/?p=72563","title":{"rendered":"Ba\u015fkan Erkan \u00d6zkan b\u00f6lgesel isti\u015fare toplant\u0131lar\u0131n\u0131 s\u00fcrd\u00fcr\u00fcyor"},"content":{"rendered":"<p>\u0130zmir \u015eof\u00f6rler ve Otomobilciler Esnaf Odas\u0131 Ba\u015fkan\u0131 Erkan \u00d6zkan, duraklara bir bu\u00e7uk y\u0131ll\u0131k \u00e7al\u0131\u015fmalar\u0131n\u0131 anlatan dergiyi ula\u015ft\u0131rmas\u0131n\u0131n ard\u0131ndan b\u00f6lgesel isti\u015fare toplant\u0131lar\u0131na h\u0131z kesmeden devam ediyor. Esnaf\u0131n salonu t\u0131ka basa doldurdu\u011fu Menderes il\u00e7esindeki toplant\u0131da hem te\u015fekk\u00fcrler iletildi hem de sekt\u00f6re dair \u00f6nemli mesajlar payla\u015f\u0131ld\u0131.<br \/>\n<br \/>Toplant\u0131ya i\u00e7ten bir selamla ba\u015flayan Ba\u015fkan Erkan \u00d6zkan, esnafa duydu\u011fu g\u00fcveni \u015fu s\u00f6zlerle ifade etti: &#8220;\u0130zmir \u015eof\u00f6rler Odas\u0131\u2019n\u0131n bir ferdi olmaktan gurur duyuyorum. Birlik oldu\u011fu s\u00fcrece bu camian\u0131n bile\u011fini kimse b\u00fckemez.&#8221; Bir bu\u00e7uk y\u0131ll\u0131k g\u00f6rev s\u00fcrecinin t\u00fcm temaslar\u0131n\u0131n, g\u00f6r\u00fc\u015fmelerinin ve giri\u015fimlerinin derlenerek bir dergi haline getirildi\u011fini hat\u0131rlatan Erkan \u00d6zkan, &#8220;Biz bu dergiyi bir karne gibi haz\u0131rlad\u0131k, notumuzu da siz vereceksiniz.&#8221; diyerek esnaf\u0131n de\u011ferlendirmesinin kendileri i\u00e7in yol g\u00f6sterici oldu\u011funu vurgulad\u0131. Konu\u015fmas\u0131n\u0131n devam\u0131nda Kar\u015f\u0131yaka\u2019da da, Menderes\u2019te de esnaf\u0131n g\u00f6sterdi\u011fi yo\u011fun kat\u0131l\u0131m\u0131n kendilerini son derece mutlu etti\u011fini belirten Erkan \u00d6zkan, &#8220;Bu ilgi bize g\u00fc\u00e7 veriyor.&#8221; dedi. Ayr\u0131ca, mazereti sebebiyle toplant\u0131ya kat\u0131lamayaca\u011f\u0131n\u0131 ileten \u00fcyeleri de gelmi\u015f kabul ettiklerini ve onlara da ayr\u0131ca te\u015fekk\u00fcr etti\u011fini ifade etti.<\/p>\n<p>&#8220;Korsan ta\u015f\u0131mac\u0131l\u0131\u011fa T\u00fcrkiye\u2019de en y\u00fcksek ses \u0130zmir\u2019den \u00e7\u0131k\u0131yor&#8221;<br \/>\n<br \/>Konu\u015fmas\u0131n\u0131n \u00f6nemli b\u00f6l\u00fcm\u00fcnde korsan ta\u015f\u0131mac\u0131l\u0131k konusuna de\u011finen Ba\u015fkan Erkan \u00d6zkan, bu sorunun yaln\u0131zca \u0130zmir\u2019de de\u011fil T\u00fcrkiye genelinde etkisini art\u0131rd\u0131\u011f\u0131n\u0131 vurgulad\u0131. &#8220;G\u00f6reve gelir gelmez korsan ta\u015f\u0131mac\u0131l\u0131k davas\u0131na m\u00fcdahil olduk. Be\u015f duru\u015fmad\u0131r oraday\u0131z. Bilirki\u015fi raporu esnaf\u0131n lehine. 19 Aral\u0131k\u2019ta t\u00fcm T\u00fcrkiye\u2019ye m\u00fcjde verece\u011fimize inan\u0131yorum.&#8221; diyen Erkan \u00d6zkan, korsanla m\u00fccadelenin sadece odalar\u0131n omzunda olmad\u0131\u011f\u0131n\u0131, federasyon ve konfederasyon d\u00fczeyinde g\u00fc\u00e7l\u00fc bask\u0131 olu\u015fturduklar\u0131n\u0131 belirtti.<\/p>\n<p>&#8220;Plaka art\u0131\u015f\u0131na engel olduk&#8221;<br \/>\n<br \/>Ge\u00e7ti\u011fimiz y\u0131l \u0130zmir B\u00fcy\u00fck\u015fehir Belediyesi\u2019nin 200 adet yeni S ve T plaka haz\u0131rl\u0131\u011f\u0131 yapt\u0131\u011f\u0131n\u0131 hat\u0131rlatan Ba\u015fkan Erkan \u00d6zkan, bu giri\u015fimin sekt\u00f6r\u00fcn ger\u00e7ek ihtiya\u00e7lar\u0131yla \u00f6rt\u00fc\u015fmedi\u011fini s\u00f6yledi. &#8220;D\u00f6rt ay boyunca UKOME\u2019de derdimizi anlatt\u0131k. Ara\u00e7 ihtiyac\u0131 olmad\u0131\u011f\u0131n\u0131 net bi\u00e7imde izah ettik ve talep geri \u00e7ekildi. Bu m\u00fccadele sizin deste\u011finizle kazan\u0131ld\u0131.&#8221; ifadelerini kulland\u0131.<\/p>\n<p>\u00d6TV ve ara\u00e7 yenilemede esnafa nefes<br \/>\n<br \/>\u00d6TV muafiyeti konusunu s\u00fcrekli g\u00fcndemde tuttuklar\u0131n\u0131 belirten Erkan \u00d6zkan, Ankara temaslar\u0131nda ve milletvekilleriyle yap\u0131lan g\u00f6r\u00fc\u015fmelerde konunun takip\u00e7isi olduklar\u0131n\u0131 s\u00f6yledi. Ayr\u0131ca ara\u00e7 yenileme ya\u015f\u0131n\u0131n 9+3 sistemine \u00e7\u0131kmas\u0131n\u0131n esnaf i\u00e7in \u00f6nemli bir rahatlama getirdi\u011fini belirterek \u015funlar\u0131 ekledi: &#8220;2025 trafik ruhsat\u0131n\u0131 alan herkes arac\u0131n\u0131 2028 sonuna kadar kullanabilecek. Bu hakk\u0131 birlik ve giri\u015fimlerimizle ald\u0131k.&#8221;<\/p>\n<p>Genel kurul \u00e7a\u011fr\u0131s\u0131<br \/>\n<br \/>Toplant\u0131n\u0131n sonunda yakla\u015fan genel kurul s\u00fcrecine dikkat \u00e7eken Ba\u015fkan Erkan \u00d6zkan, esnafa birlik ve g\u00fc\u00e7l\u00fc kat\u0131l\u0131m \u00e7a\u011fr\u0131s\u0131nda bulundu: &#8220;11 Ocak 2026\u2019da kongremiz var. Kongreler odalar\u0131n d\u00fc\u011f\u00fcn\u00fcd\u00fcr. Ne kadar kalabal\u0131k olursak o kadar g\u00fc\u00e7l\u00fc g\u00f6r\u00fcn\u00fcr\u00fcz. E\u011fer beni do\u011fru buluyorsan\u0131z oyunuzu istiyorum; ama en \u00f6nemlisi kat\u0131l\u0131m\u0131n\u0131z. Sand\u0131ktan \u00e7\u0131kacak g\u00fc\u00e7l\u00fc mesaj, hakl\u0131 oldu\u011fumuz her konuda elimizi daha da g\u00fc\u00e7lendirecek.&#8221; Toplant\u0131ya kat\u0131lan, kat\u0131lamay\u0131p iyi dileklerini ileten t\u00fcm esnaflara te\u015fekk\u00fcr ederek s\u00f6zlerini noktalad\u0131.<br \/><\/p>\n","protected":false},"excerpt":{"rendered":"<p>\u0130zmir \u015eof\u00f6rler ve Otomobilciler Esnaf Odas\u0131 Ba\u015fkan\u0131 Erkan \u00d6zkan, duraklara bir bu\u00e7uk y\u0131ll\u0131k \u00e7al\u0131\u015fmalar\u0131n\u0131 anlatan dergiyi ula\u015ft\u0131rmas\u0131n\u0131n ard\u0131ndan b\u00f6lgesel isti\u015fare toplant\u0131lar\u0131na h\u0131z kesmeden devam ediyor. Esnaf\u0131n salonu t\u0131ka basa doldurdu\u011fu Menderes il\u00e7esindeki toplant\u0131da hem te\u015fekk\u00fcrler iletildi hem de sekt\u00f6re dair \u00f6nemli mesajlar payla\u015f\u0131ld\u0131. Toplant\u0131ya i\u00e7ten bir selamla ba\u015flayan Ba\u015fkan Erkan \u00d6zkan, esnafa duydu\u011fu g\u00fcveni \u015fu&#8230;<\/p>\n","protected":false},"author":1,"featured_media":72564,"comment_status":"open","ping_status":"open","sticky":false,"template":"","format":"standard","meta":{"_crdt_document":"","footnotes":""},"categories":[1],"tags":[],"class_list":["post-72563","post","type-post","status-publish","format-standard","has-post-thumbnail","hentry","category-guncel"],"_links":{"self":[{"href":"https:\/\/www.egemtv.com\/index.php?rest_route=\/wp\/v2\/posts\/72563","targetHints":{"allow":["GET"]}}],"collection":[{"href":"https:\/\/www.egemtv.com\/index.php?rest_route=\/wp\/v2\/posts"}],"about":[{"href":"https:\/\/www.egemtv.com\/index.php?rest_route=\/wp\/v2\/types\/post"}],"author":[{"embeddable":true,"href":"https:\/\/www.egemtv.com\/index.php?rest_route=\/wp\/v2\/users\/1"}],"replies":[{"embeddable":true,"href":"https:\/\/www.egemtv.com\/index.php?rest_route=%2Fwp%2Fv2%2Fcomments&post=72563"}],"version-history":[{"count":1,"href":"https:\/\/www.egemtv.com\/index.php?rest_route=\/wp\/v2\/posts\/72563\/revisions"}],"predecessor-version":[{"id":72565,"href":"https:\/\/www.egemtv.com\/index.php?rest_route=\/wp\/v2\/posts\/72563\/revisions\/72565"}],"wp:featuredmedia":[{"embeddable":true,"href":"https:\/\/www.egemtv.com\/index.php?rest_route=\/wp\/v2\/media\/72564"}],"wp:attachment":[{"href":"https:\/\/www.egemtv.com\/index.php?rest_route=%2Fwp%2Fv2%2Fmedia&parent=72563"}],"wp:term":[{"taxonomy":"category","embeddable":true,"href":"https:\/\/www.egemtv.com\/index.php?rest_route=%2Fwp%2Fv2%2Fcategories&post=72563"},{"taxonomy":"post_tag","embeddable":true,"href":"https:\/\/www.egemtv.com\/index.php?rest_route=%2Fwp%2Fv2%2Ftags&post=72563"}],"curies":[{"name":"wp","href":"https:\/\/api.w.org\/{rel}","templated":true}]}}