{"id":72560,"date":"2025-12-07T12:14:42","date_gmt":"2025-12-07T09:14:42","guid":{"rendered":"https:\/\/www.egemtv.com\/?p=72560"},"modified":"2025-12-07T12:14:43","modified_gmt":"2025-12-07T09:14:43","slug":"efelerde-ogretmenlere-topcunun-egitim-felsefesi-anlatildi","status":"publish","type":"post","link":"https:\/\/www.egemtv.com\/?p=72560","title":{"rendered":"Efeler\u2019de \u00d6\u011fretmenlere Top\u00e7u\u2019nun E\u011fitim Felsefesi Anlat\u0131ld\u0131"},"content":{"rendered":"<p>Efeler \u0130l\u00e7e Milli E\u011fitim M\u00fcd\u00fcrl\u00fc\u011f\u00fc Bilim Akademisi, taraf\u0131ndan d\u00fczenlenen program kapsam\u0131nda Nurettin Top\u00e7u\u2019nun vefat\u0131n\u0131n 50. y\u0131l\u0131 dolay\u0131s\u0131yla d\u00fczenlenen anma program\u0131 ve at\u00f6lye \u00e7al\u0131\u015fmalar\u0131, Ayd\u0131n Sosyal Bilimler Lisesi\u2019nde \u00f6\u011fretmenlerin yo\u011fun kat\u0131l\u0131m\u0131yla ger\u00e7ekle\u015ftirildi.<\/p>\n<p>E\u011fitimin hem felsefi hem de mesleki y\u00f6n\u00fcn\u00fc besleyen program\u0131n a\u00e7\u0131l\u0131\u015f\u0131n\u0131 Efeler \u0130l\u00e7e Milli E\u011fitim M\u00fcd\u00fcr\u00fc Hakan \u00d6zcan yapt\u0131. \u00d6zcan, konu\u015fmas\u0131nda T\u00fcrkiye Y\u00fczy\u0131l\u0131 Maarif Modeli\u2019nin e\u011fitim sisteminin gelece\u011fini \u015fekillendiren y\u00f6n\u00fcne dikkat \u00e7ekerek, k\u00f6klere ba\u011fl\u0131 bir e\u011fitim anlay\u0131\u015f\u0131n\u0131n \u00f6nemine vurgu yapt\u0131. Modelin yaln\u0131zca akademik ba\u015far\u0131ya odaklanmad\u0131\u011f\u0131n\u0131 belirten \u00d6zcan, milli ve manevi de\u011ferlere sahip, ele\u015ftirel d\u00fc\u015f\u00fcnebilen, tarih bilinci y\u00fcksek bireyler yeti\u015ftirmeyi hedefledi\u011fini ifade etti.<\/p>\n<p>Nurettin Top\u00e7u\u2019nun e\u011fitim felsefesinin T\u00fcrkiye Y\u00fczy\u0131l\u0131 Maarif Modeli\u2019nin temel dayanaklar\u0131ndan oldu\u011funu dile getiren \u00d6zcan, Top\u00e7u\u2019nun \u00f6\u011fretmenli\u011fi bir meslekten \u00e7ok bir g\u00f6n\u00fcl ve ruh i\u015fi olarak tan\u0131mlad\u0131\u011f\u0131n\u0131 hat\u0131rlatt\u0131.<\/p>\n<p>Program, alan\u0131nda uzman alt\u0131 isim taraf\u0131ndan verilen iki seminer ve d\u00f6rt at\u00f6lye \u00e7al\u0131\u015fmas\u0131yla zenginle\u015fti. \u00d6\u011fretmenler, &#8220;\u0130z B\u0131rakan E\u011fitimci Nurettin Top\u00e7u&#8221;, &#8220;E\u011fitimde Yapay Zek\u00e2 Uygulamalar\u0131&#8221;, &#8220;Oyun ve Etkinliklerle Din K\u00fclt\u00fcr\u00fc ve Ahlak Bilgisi \u00d6\u011fretimi&#8221;, &#8220;\u00d6\u011frenci ile Duygusal Ba\u011f\u0131n \u0130n\u015fas\u0131&#8221;, &#8220;Etkili Sunum Teknikleri&#8221; ve &#8220;Etkili \u0130leti\u015fimde Beden Dili&#8221; gibi ba\u015fl\u0131klarda bilgi ve becerilerini geli\u015ftirme f\u0131rsat\u0131 buldu.<\/p>\n<p>\u0130l\u00e7e Milli E\u011fitim M\u00fcd\u00fcr\u00fc Hakan \u00d6zcan, katk\u0131 sunan t\u00fcm e\u011fitimcilere te\u015fekk\u00fcr ederek bu t\u00fcr mesleki geli\u015fim programlar\u0131n\u0131n artarak devam edece\u011fini belirtti.<br \/><\/p>\n","protected":false},"excerpt":{"rendered":"<p>Efeler \u0130l\u00e7e Milli E\u011fitim M\u00fcd\u00fcrl\u00fc\u011f\u00fc Bilim Akademisi, taraf\u0131ndan d\u00fczenlenen program kapsam\u0131nda Nurettin Top\u00e7u\u2019nun vefat\u0131n\u0131n 50. y\u0131l\u0131 dolay\u0131s\u0131yla d\u00fczenlenen anma program\u0131 ve at\u00f6lye \u00e7al\u0131\u015fmalar\u0131, Ayd\u0131n Sosyal Bilimler Lisesi\u2019nde \u00f6\u011fretmenlerin yo\u011fun kat\u0131l\u0131m\u0131yla ger\u00e7ekle\u015ftirildi. E\u011fitimin hem felsefi hem de mesleki y\u00f6n\u00fcn\u00fc besleyen program\u0131n a\u00e7\u0131l\u0131\u015f\u0131n\u0131 Efeler \u0130l\u00e7e Milli E\u011fitim M\u00fcd\u00fcr\u00fc Hakan \u00d6zcan yapt\u0131. \u00d6zcan, konu\u015fmas\u0131nda T\u00fcrkiye Y\u00fczy\u0131l\u0131 Maarif Modeli\u2019nin&#8230;<\/p>\n","protected":false},"author":1,"featured_media":72561,"comment_status":"open","ping_status":"open","sticky":false,"template":"","format":"standard","meta":{"_crdt_document":"","footnotes":""},"categories":[1],"tags":[],"class_list":["post-72560","post","type-post","status-publish","format-standard","has-post-thumbnail","hentry","category-guncel"],"_links":{"self":[{"href":"https:\/\/www.egemtv.com\/index.php?rest_route=\/wp\/v2\/posts\/72560","targetHints":{"allow":["GET"]}}],"collection":[{"href":"https:\/\/www.egemtv.com\/index.php?rest_route=\/wp\/v2\/posts"}],"about":[{"href":"https:\/\/www.egemtv.com\/index.php?rest_route=\/wp\/v2\/types\/post"}],"author":[{"embeddable":true,"href":"https:\/\/www.egemtv.com\/index.php?rest_route=\/wp\/v2\/users\/1"}],"replies":[{"embeddable":true,"href":"https:\/\/www.egemtv.com\/index.php?rest_route=%2Fwp%2Fv2%2Fcomments&post=72560"}],"version-history":[{"count":1,"href":"https:\/\/www.egemtv.com\/index.php?rest_route=\/wp\/v2\/posts\/72560\/revisions"}],"predecessor-version":[{"id":72562,"href":"https:\/\/www.egemtv.com\/index.php?rest_route=\/wp\/v2\/posts\/72560\/revisions\/72562"}],"wp:featuredmedia":[{"embeddable":true,"href":"https:\/\/www.egemtv.com\/index.php?rest_route=\/wp\/v2\/media\/72561"}],"wp:attachment":[{"href":"https:\/\/www.egemtv.com\/index.php?rest_route=%2Fwp%2Fv2%2Fmedia&parent=72560"}],"wp:term":[{"taxonomy":"category","embeddable":true,"href":"https:\/\/www.egemtv.com\/index.php?rest_route=%2Fwp%2Fv2%2Fcategories&post=72560"},{"taxonomy":"post_tag","embeddable":true,"href":"https:\/\/www.egemtv.com\/index.php?rest_route=%2Fwp%2Fv2%2Ftags&post=72560"}],"curies":[{"name":"wp","href":"https:\/\/api.w.org\/{rel}","templated":true}]}}