{"id":72554,"date":"2025-12-07T11:54:44","date_gmt":"2025-12-07T08:54:44","guid":{"rendered":"https:\/\/www.egemtv.com\/?p=72554"},"modified":"2025-12-07T11:54:45","modified_gmt":"2025-12-07T08:54:45","slug":"aydin-adu-hastanesi-cocuk-nefrolojisinde-bolgesel-merkez-haline-geldi","status":"publish","type":"post","link":"https:\/\/www.egemtv.com\/?p=72554","title":{"rendered":"Ayd\u0131n AD\u00dc Hastanesi, \u00c7ocuk Nefrolojisinde b\u00f6lgesel merkez haline geldi"},"content":{"rendered":"<p>Ayd\u0131n Adnan Menderes \u00dcniversitesi (AD\u00dc) Hastanesi \u00c7ocuk Nefrolojisi B\u00f6l\u00fcm\u00fc, 1998 y\u0131l\u0131ndan bu yana tam 26 y\u0131ld\u0131r b\u00f6lgenin d\u00f6rt bir yan\u0131ndan gelen \u00e7ocuk hastalara hizmet vermeyi s\u00fcrd\u00fcr\u00fcrken, \u00c7ocuk Nefrolojisinde b\u00f6lgesel merkez haline geldi.<\/p>\n<p>Ege B\u00f6lgesi\u2019nin tamam\u0131na yay\u0131lm\u0131\u015f geni\u015f hizmet a\u011f\u0131yla dikkat \u00e7eken \u00c7ocuk Nefrolojisi B\u00f6l\u00fcm\u00fc, yaln\u0131zca Ayd\u0131n\u2019dan de\u011fil, \u00e7evre illerden gelen \u00e7ocuk hastalara da umut oluyor. B\u00f6l\u00fcm\u00fcn y\u0131llard\u0131r s\u00fcren ba\u015far\u0131l\u0131 \u00e7al\u0131\u015fmalar\u0131 AD\u00dc Hastanesi\u2019ni \u00e7ocuk nefrolojisi alan\u0131nda b\u00f6lgenin \u00f6nde gelen merkezlerinden biri haline getirdi. Prof. Dr. Ferah S\u00f6nmez taraf\u0131ndan temelleri at\u0131lan b\u00f6l\u00fcm, bug\u00fcn Bilim Dal\u0131 Ba\u015fkan\u0131 Prof. Dr. Dilek Y\u0131lmaz\u2019\u0131n koordinasyonunda geni\u015f bir ekip ile \u00e7al\u0131\u015fmalar\u0131na devam ediyor. B\u00f6brek hastal\u0131klar\u0131n\u0131n tan\u0131, tedavi ve takibinde uzmanla\u015fan b\u00f6l\u00fcmde do\u011fumsal b\u00f6brek anomalilerinden idrar yolu enfeksiyonlar\u0131na, b\u00f6brek ta\u015f\u0131ndan kronik b\u00f6brek yetmezli\u011fine kadar bir\u00e7ok hastal\u0131k i\u00e7in kapsaml\u0131 sa\u011fl\u0131k hizmeti veriliyor.<\/p>\n<p>Hastanenin periton diyalizi ve hemodiyaliz \u00fcniteleri aktif \u015fekilde \u00e7al\u0131\u015f\u0131rken, b\u00f6brek nakli sonras\u0131 \u00e7ocuk hastalar\u0131n d\u00fczenli izlemleri de titizlikle y\u00fcr\u00fct\u00fcl\u00fcrken AD\u00dc Hastanesi taraf\u0131ndan yap\u0131lan a\u00e7\u0131klamada, &#8220;\u00c7ocuk Nefroloji B\u00f6l\u00fcm\u00fc, Ege B\u00f6lgesi genelinde \u00e7ocuk hastalara sundu\u011fu geni\u015f hizmet yelpazesi ile dikkat \u00e7ekmekte ve Ayd\u0131n ili d\u0131\u015f\u0131ndaki bir\u00e7ok ilden gelen hastalara da hizmet vermeye devam etmektedir. Hastanemizin bu ba\u015far\u0131l\u0131 \u00e7al\u0131\u015fmalar\u0131, b\u00f6lgenin \u00c7ocuk Nefrolojisi alan\u0131nda \u00f6nemli bir sa\u011fl\u0131k merkezi olmas\u0131n\u0131 sa\u011flamaktad\u0131r&#8221; ifadelerine yer verildi.<br \/><\/p>\n","protected":false},"excerpt":{"rendered":"<p>Ayd\u0131n Adnan Menderes \u00dcniversitesi (AD\u00dc) Hastanesi \u00c7ocuk Nefrolojisi B\u00f6l\u00fcm\u00fc, 1998 y\u0131l\u0131ndan bu yana tam 26 y\u0131ld\u0131r b\u00f6lgenin d\u00f6rt bir yan\u0131ndan gelen \u00e7ocuk hastalara hizmet vermeyi s\u00fcrd\u00fcr\u00fcrken, \u00c7ocuk Nefrolojisinde b\u00f6lgesel merkez haline geldi. Ege B\u00f6lgesi\u2019nin tamam\u0131na yay\u0131lm\u0131\u015f geni\u015f hizmet a\u011f\u0131yla dikkat \u00e7eken \u00c7ocuk Nefrolojisi B\u00f6l\u00fcm\u00fc, yaln\u0131zca Ayd\u0131n\u2019dan de\u011fil, \u00e7evre illerden gelen \u00e7ocuk hastalara da umut oluyor&#8230;.<\/p>\n","protected":false},"author":1,"featured_media":72555,"comment_status":"open","ping_status":"open","sticky":false,"template":"","format":"standard","meta":{"_crdt_document":"","footnotes":""},"categories":[1],"tags":[],"class_list":["post-72554","post","type-post","status-publish","format-standard","has-post-thumbnail","hentry","category-guncel"],"_links":{"self":[{"href":"https:\/\/www.egemtv.com\/index.php?rest_route=\/wp\/v2\/posts\/72554","targetHints":{"allow":["GET"]}}],"collection":[{"href":"https:\/\/www.egemtv.com\/index.php?rest_route=\/wp\/v2\/posts"}],"about":[{"href":"https:\/\/www.egemtv.com\/index.php?rest_route=\/wp\/v2\/types\/post"}],"author":[{"embeddable":true,"href":"https:\/\/www.egemtv.com\/index.php?rest_route=\/wp\/v2\/users\/1"}],"replies":[{"embeddable":true,"href":"https:\/\/www.egemtv.com\/index.php?rest_route=%2Fwp%2Fv2%2Fcomments&post=72554"}],"version-history":[{"count":1,"href":"https:\/\/www.egemtv.com\/index.php?rest_route=\/wp\/v2\/posts\/72554\/revisions"}],"predecessor-version":[{"id":72556,"href":"https:\/\/www.egemtv.com\/index.php?rest_route=\/wp\/v2\/posts\/72554\/revisions\/72556"}],"wp:featuredmedia":[{"embeddable":true,"href":"https:\/\/www.egemtv.com\/index.php?rest_route=\/wp\/v2\/media\/72555"}],"wp:attachment":[{"href":"https:\/\/www.egemtv.com\/index.php?rest_route=%2Fwp%2Fv2%2Fmedia&parent=72554"}],"wp:term":[{"taxonomy":"category","embeddable":true,"href":"https:\/\/www.egemtv.com\/index.php?rest_route=%2Fwp%2Fv2%2Fcategories&post=72554"},{"taxonomy":"post_tag","embeddable":true,"href":"https:\/\/www.egemtv.com\/index.php?rest_route=%2Fwp%2Fv2%2Ftags&post=72554"}],"curies":[{"name":"wp","href":"https:\/\/api.w.org\/{rel}","templated":true}]}}