{"id":72551,"date":"2025-12-07T11:34:42","date_gmt":"2025-12-07T08:34:42","guid":{"rendered":"https:\/\/www.egemtv.com\/?p=72551"},"modified":"2025-12-07T11:34:43","modified_gmt":"2025-12-07T08:34:43","slug":"izmirde-peygamber-efendimize-hakaret-eden-yayinci-tutuklandi","status":"publish","type":"post","link":"https:\/\/www.egemtv.com\/?p=72551","title":{"rendered":"\u0130zmir\u2019de Peygamber Efendimize hakaret eden yay\u0131nc\u0131 tutukland\u0131"},"content":{"rendered":"<p>\u0130zmir\u2019de sosyal medya hesab\u0131ndan yapt\u0131\u011f\u0131 payla\u015f\u0131mlarda Peygamber Efendimize hakaret eden \u015fah\u0131s, \u00e7\u0131kar\u0131ld\u0131\u011f\u0131 mahkemece tutuklanarak cezaevine g\u00f6nderildi.<br \/>\n<br \/>Edinilen bilgiye g\u00f6re, E.K. (31) isimli sosyal medya yay\u0131nc\u0131s\u0131n\u0131n yapt\u0131\u011f\u0131 yay\u0131n ve payla\u015f\u0131mlarda Peygamber Efendimize ve e\u015flerine y\u00f6nelik hakaret i\u00e7erikli ifadeler kulland\u0131\u011f\u0131 tespit edildi. Sosyal medyada infiale yol a\u00e7an g\u00f6r\u00fcnt\u00fclerin ard\u0131ndan \u0130zmir Cumhuriyet Ba\u015fsavc\u0131l\u0131\u011f\u0131 olayla ilgili soru\u015fturma ba\u015flatt\u0131. Savc\u0131l\u0131\u011f\u0131n talimat\u0131 \u00fczerine harekete ge\u00e7en \u0130zmir Emniyet M\u00fcd\u00fcrl\u00fc\u011f\u00fc ekipleri, \u015fahs\u0131 g\u00f6zalt\u0131na ald\u0131. Emniyetteki i\u015flemleri tamamlanan E.K., sevk edildi\u011fi adliyede \u00e7\u0131kar\u0131ld\u0131\u011f\u0131 mahkemece tutuklanarak cezaevine g\u00f6nderildi.<br \/><\/p>\n","protected":false},"excerpt":{"rendered":"<p>\u0130zmir\u2019de sosyal medya hesab\u0131ndan yapt\u0131\u011f\u0131 payla\u015f\u0131mlarda Peygamber Efendimize hakaret eden \u015fah\u0131s, \u00e7\u0131kar\u0131ld\u0131\u011f\u0131 mahkemece tutuklanarak cezaevine g\u00f6nderildi. Edinilen bilgiye g\u00f6re, E.K. (31) isimli sosyal medya yay\u0131nc\u0131s\u0131n\u0131n yapt\u0131\u011f\u0131 yay\u0131n ve payla\u015f\u0131mlarda Peygamber Efendimize ve e\u015flerine y\u00f6nelik hakaret i\u00e7erikli ifadeler kulland\u0131\u011f\u0131 tespit edildi. Sosyal medyada infiale yol a\u00e7an g\u00f6r\u00fcnt\u00fclerin ard\u0131ndan \u0130zmir Cumhuriyet Ba\u015fsavc\u0131l\u0131\u011f\u0131 olayla ilgili soru\u015fturma ba\u015flatt\u0131. Savc\u0131l\u0131\u011f\u0131n&#8230;<\/p>\n","protected":false},"author":1,"featured_media":72552,"comment_status":"open","ping_status":"open","sticky":false,"template":"","format":"standard","meta":{"_crdt_document":"","footnotes":""},"categories":[5],"tags":[],"class_list":["post-72551","post","type-post","status-publish","format-standard","has-post-thumbnail","hentry","category-asayis"],"_links":{"self":[{"href":"https:\/\/www.egemtv.com\/index.php?rest_route=\/wp\/v2\/posts\/72551","targetHints":{"allow":["GET"]}}],"collection":[{"href":"https:\/\/www.egemtv.com\/index.php?rest_route=\/wp\/v2\/posts"}],"about":[{"href":"https:\/\/www.egemtv.com\/index.php?rest_route=\/wp\/v2\/types\/post"}],"author":[{"embeddable":true,"href":"https:\/\/www.egemtv.com\/index.php?rest_route=\/wp\/v2\/users\/1"}],"replies":[{"embeddable":true,"href":"https:\/\/www.egemtv.com\/index.php?rest_route=%2Fwp%2Fv2%2Fcomments&post=72551"}],"version-history":[{"count":1,"href":"https:\/\/www.egemtv.com\/index.php?rest_route=\/wp\/v2\/posts\/72551\/revisions"}],"predecessor-version":[{"id":72553,"href":"https:\/\/www.egemtv.com\/index.php?rest_route=\/wp\/v2\/posts\/72551\/revisions\/72553"}],"wp:featuredmedia":[{"embeddable":true,"href":"https:\/\/www.egemtv.com\/index.php?rest_route=\/wp\/v2\/media\/72552"}],"wp:attachment":[{"href":"https:\/\/www.egemtv.com\/index.php?rest_route=%2Fwp%2Fv2%2Fmedia&parent=72551"}],"wp:term":[{"taxonomy":"category","embeddable":true,"href":"https:\/\/www.egemtv.com\/index.php?rest_route=%2Fwp%2Fv2%2Fcategories&post=72551"},{"taxonomy":"post_tag","embeddable":true,"href":"https:\/\/www.egemtv.com\/index.php?rest_route=%2Fwp%2Fv2%2Ftags&post=72551"}],"curies":[{"name":"wp","href":"https:\/\/api.w.org\/{rel}","templated":true}]}}