{"id":72548,"date":"2025-12-07T11:15:57","date_gmt":"2025-12-07T08:15:57","guid":{"rendered":"https:\/\/www.egemtv.com\/?p=72548"},"modified":"2025-12-07T11:15:58","modified_gmt":"2025-12-07T08:15:58","slug":"koycegizli-hentbolcular-onemli-dereceler-elde-etti","status":"publish","type":"post","link":"https:\/\/www.egemtv.com\/?p=72548","title":{"rendered":"K\u00f6yce\u011fizli hentbolcular \u00f6nemli dereceler elde etti"},"content":{"rendered":"<p>Mu\u011fla\u2019n\u0131n K\u00f6yce\u011fiz il\u00e7esinden Okul Sporlar\u0131 Hentbol m\u00fcsabakalar\u0131na kat\u0131lan tak\u0131mlar \u00f6nemli dereceler elde etti.<\/p>\n<p>2025-2026 E\u011fitim \u00d6\u011fretim Y\u0131l\u0131 Okul Sporlar\u0131 Faaliyet Program\u0131 kapsam\u0131nda d\u00fczenlenen Gen\u00e7 K\u0131zlar, Gen\u00e7 Erkekler ve K\u00fc\u00e7\u00fck K\u0131zlar, K\u00fc\u00e7\u00fck Erkekler Hentbol \u0130l Birincili\u011fi m\u00fcsabakalar\u0131 sona erdi. Mu\u011fla Gen\u00e7lik ve Spor \u0130l M\u00fcd\u00fcrl\u00fc\u011f\u00fc taraf\u0131ndan Mu\u011fla S\u0131tk\u0131 Ko\u00e7man \u00dcniversitesi Meslek Y\u00fcksek Okulu Spor Salonunda d\u00fczenlenen Okul Sporlar\u0131 Hentbol \u0130l Birincili\u011fi m\u00fcsabakalar\u0131 b\u00fcy\u00fck \u00e7eki\u015fme i\u00e7erisinde ge\u00e7ti. \u0130l genelindeki okullar\u0131n kat\u0131ld\u0131\u011f\u0131 m\u00fcsabakalarda sporcular hem tak\u0131m oyunlar\u0131ndaki uyumu hem de bireysel yetenekleriyle izleyenlere keyifli anlar ya\u015fatt\u0131. Turnuva boyunca \u00f6\u011frencilerin sergiledi\u011fi m\u00fccadele azmi ve disiplinli oyun yap\u0131s\u0131, trib\u00fcnlerdeki aileler ve \u00f6\u011fretmenler taraf\u0131ndan b\u00fcy\u00fck takdir toplad\u0131.<\/p>\n<p>Okul Sporlar\u0131 faaliyetleri kapsam\u0131nda d\u00fczenlenen K\u00fc\u00e7\u00fck Erkekler, K\u00fc\u00e7\u00fck K\u0131zlar ve Gen\u00e7 K\u0131zlar, Gen\u00e7 Erkekler Hentbol \u0130l Birincili\u011fi, iki g\u00fcn boyunca s\u00fcren \u00e7eki\u015fmeli kar\u015f\u0131la\u015fmalar\u0131n ard\u0131ndan sona erdi. K\u00f6yce\u011fizli hentbol tak\u0131mlar\u0131 m\u00fcsabakalar\u0131n sonunda, K\u00fc\u00e7\u00fck Erkeklerde K\u00f6yce\u011fiz Yunus Emre Ortaokulu 1., Gen\u00e7 Erkeklerde K\u00f6yce\u011fiz Anadolu Lisesi 2., Gen\u00e7 K\u0131zlarda K\u00f6yce\u011fiz Fen Lisesi 3. olarak \u00f6nemli dereceler elde ettiler. M\u00fcsabakalar sonunda derece elde eden tak\u0131mlara kupa ve madalyalar\u0131 d\u00fczenlenen t\u00f6renle takdim edildi.<br \/><\/p>\n","protected":false},"excerpt":{"rendered":"<p>Mu\u011fla\u2019n\u0131n K\u00f6yce\u011fiz il\u00e7esinden Okul Sporlar\u0131 Hentbol m\u00fcsabakalar\u0131na kat\u0131lan tak\u0131mlar \u00f6nemli dereceler elde etti. 2025-2026 E\u011fitim \u00d6\u011fretim Y\u0131l\u0131 Okul Sporlar\u0131 Faaliyet Program\u0131 kapsam\u0131nda d\u00fczenlenen Gen\u00e7 K\u0131zlar, Gen\u00e7 Erkekler ve K\u00fc\u00e7\u00fck K\u0131zlar, K\u00fc\u00e7\u00fck Erkekler Hentbol \u0130l Birincili\u011fi m\u00fcsabakalar\u0131 sona erdi. Mu\u011fla Gen\u00e7lik ve Spor \u0130l M\u00fcd\u00fcrl\u00fc\u011f\u00fc taraf\u0131ndan Mu\u011fla S\u0131tk\u0131 Ko\u00e7man \u00dcniversitesi Meslek Y\u00fcksek Okulu Spor Salonunda d\u00fczenlenen&#8230;<\/p>\n","protected":false},"author":1,"featured_media":72549,"comment_status":"open","ping_status":"open","sticky":false,"template":"","format":"standard","meta":{"_crdt_document":"","footnotes":""},"categories":[4],"tags":[],"class_list":["post-72548","post","type-post","status-publish","format-standard","has-post-thumbnail","hentry","category-spor"],"_links":{"self":[{"href":"https:\/\/www.egemtv.com\/index.php?rest_route=\/wp\/v2\/posts\/72548","targetHints":{"allow":["GET"]}}],"collection":[{"href":"https:\/\/www.egemtv.com\/index.php?rest_route=\/wp\/v2\/posts"}],"about":[{"href":"https:\/\/www.egemtv.com\/index.php?rest_route=\/wp\/v2\/types\/post"}],"author":[{"embeddable":true,"href":"https:\/\/www.egemtv.com\/index.php?rest_route=\/wp\/v2\/users\/1"}],"replies":[{"embeddable":true,"href":"https:\/\/www.egemtv.com\/index.php?rest_route=%2Fwp%2Fv2%2Fcomments&post=72548"}],"version-history":[{"count":1,"href":"https:\/\/www.egemtv.com\/index.php?rest_route=\/wp\/v2\/posts\/72548\/revisions"}],"predecessor-version":[{"id":72550,"href":"https:\/\/www.egemtv.com\/index.php?rest_route=\/wp\/v2\/posts\/72548\/revisions\/72550"}],"wp:featuredmedia":[{"embeddable":true,"href":"https:\/\/www.egemtv.com\/index.php?rest_route=\/wp\/v2\/media\/72549"}],"wp:attachment":[{"href":"https:\/\/www.egemtv.com\/index.php?rest_route=%2Fwp%2Fv2%2Fmedia&parent=72548"}],"wp:term":[{"taxonomy":"category","embeddable":true,"href":"https:\/\/www.egemtv.com\/index.php?rest_route=%2Fwp%2Fv2%2Fcategories&post=72548"},{"taxonomy":"post_tag","embeddable":true,"href":"https:\/\/www.egemtv.com\/index.php?rest_route=%2Fwp%2Fv2%2Ftags&post=72548"}],"curies":[{"name":"wp","href":"https:\/\/api.w.org\/{rel}","templated":true}]}}