{"id":72545,"date":"2025-12-07T11:15:56","date_gmt":"2025-12-07T08:15:56","guid":{"rendered":"https:\/\/www.egemtv.com\/?p=72545"},"modified":"2025-12-07T11:15:57","modified_gmt":"2025-12-07T08:15:57","slug":"il-saglik-muduru-senkul-umke-ekibiyle-bir-araya-geldi","status":"publish","type":"post","link":"https:\/\/www.egemtv.com\/?p=72545","title":{"rendered":"\u0130l Sa\u011fl\u0131k M\u00fcd\u00fcr\u00fc \u015eenkul UMKE ekibiyle bir araya geldi"},"content":{"rendered":"<p>Ayd\u0131n \u0130l Sa\u011fl\u0131k M\u00fcd\u00fcr\u00fc Dr. Eser \u015eenkul, \u20191-7 Aral\u0131k Acil Sa\u011fl\u0131k Hizmetleri Haftas\u0131\u2019 kapsam\u0131nda Efeler 1 Nolu Acil Sa\u011fl\u0131k Hizmetleri UMKE \u0130stasyonu\u2019na giderek sahada g\u00f6rev yapan personelle bir araya geldi.<\/p>\n<p>UMKE ve Acil Sa\u011fl\u0131k Hizmetleri ekibi taraf\u0131ndan y\u00fcr\u00fct\u00fclen \u00e7al\u0131\u015fmalar hakk\u0131nda bilgi alan Dr. \u015eenkul, istasyonda bulunan UMKE afet envanterini de yerinde inceledi. Afet ve acil durumlarda g\u00f6rev yapan personelin b\u00fcy\u00fck bir sorumluluk \u00fcstlendi\u011fini vurgulayan \u015eenkul, Acil Sa\u011fl\u0131k Hizmetleri Haftas\u0131\u2019n\u0131 kutlayarak t\u00fcm personele \u00f6zverili \u00e7al\u0131\u015fmalar\u0131ndan dolay\u0131 te\u015fekk\u00fcr etti ve g\u00f6revlerinde kolayl\u0131klar diledi. Bulu\u015fmaya Sa\u011fl\u0131k Hizmetleri Ba\u015fkan\u0131, Sa\u011fl\u0131k Hizmetleri Ba\u015fkan Yard\u0131mc\u0131s\u0131, \u0130l Ambulans Servisi Ba\u015fhekimi, Ba\u015fhekim Yard\u0131mc\u0131s\u0131 ile Acil Sa\u011fl\u0131k ve Afetlerde Sa\u011fl\u0131k Hizmetleri Birim Uzmanlar\u0131 da e\u015flik etti.<br \/><\/p>\n","protected":false},"excerpt":{"rendered":"<p>Ayd\u0131n \u0130l Sa\u011fl\u0131k M\u00fcd\u00fcr\u00fc Dr. Eser \u015eenkul, \u20191-7 Aral\u0131k Acil Sa\u011fl\u0131k Hizmetleri Haftas\u0131\u2019 kapsam\u0131nda Efeler 1 Nolu Acil Sa\u011fl\u0131k Hizmetleri UMKE \u0130stasyonu\u2019na giderek sahada g\u00f6rev yapan personelle bir araya geldi. UMKE ve Acil Sa\u011fl\u0131k Hizmetleri ekibi taraf\u0131ndan y\u00fcr\u00fct\u00fclen \u00e7al\u0131\u015fmalar hakk\u0131nda bilgi alan Dr. \u015eenkul, istasyonda bulunan UMKE afet envanterini de yerinde inceledi. Afet ve acil&#8230;<\/p>\n","protected":false},"author":1,"featured_media":72546,"comment_status":"open","ping_status":"open","sticky":false,"template":"","format":"standard","meta":{"_crdt_document":"","footnotes":""},"categories":[1],"tags":[],"class_list":["post-72545","post","type-post","status-publish","format-standard","has-post-thumbnail","hentry","category-guncel"],"_links":{"self":[{"href":"https:\/\/www.egemtv.com\/index.php?rest_route=\/wp\/v2\/posts\/72545","targetHints":{"allow":["GET"]}}],"collection":[{"href":"https:\/\/www.egemtv.com\/index.php?rest_route=\/wp\/v2\/posts"}],"about":[{"href":"https:\/\/www.egemtv.com\/index.php?rest_route=\/wp\/v2\/types\/post"}],"author":[{"embeddable":true,"href":"https:\/\/www.egemtv.com\/index.php?rest_route=\/wp\/v2\/users\/1"}],"replies":[{"embeddable":true,"href":"https:\/\/www.egemtv.com\/index.php?rest_route=%2Fwp%2Fv2%2Fcomments&post=72545"}],"version-history":[{"count":1,"href":"https:\/\/www.egemtv.com\/index.php?rest_route=\/wp\/v2\/posts\/72545\/revisions"}],"predecessor-version":[{"id":72547,"href":"https:\/\/www.egemtv.com\/index.php?rest_route=\/wp\/v2\/posts\/72545\/revisions\/72547"}],"wp:featuredmedia":[{"embeddable":true,"href":"https:\/\/www.egemtv.com\/index.php?rest_route=\/wp\/v2\/media\/72546"}],"wp:attachment":[{"href":"https:\/\/www.egemtv.com\/index.php?rest_route=%2Fwp%2Fv2%2Fmedia&parent=72545"}],"wp:term":[{"taxonomy":"category","embeddable":true,"href":"https:\/\/www.egemtv.com\/index.php?rest_route=%2Fwp%2Fv2%2Fcategories&post=72545"},{"taxonomy":"post_tag","embeddable":true,"href":"https:\/\/www.egemtv.com\/index.php?rest_route=%2Fwp%2Fv2%2Ftags&post=72545"}],"curies":[{"name":"wp","href":"https:\/\/api.w.org\/{rel}","templated":true}]}}