{"id":72542,"date":"2025-12-07T11:15:55","date_gmt":"2025-12-07T08:15:55","guid":{"rendered":"https:\/\/www.egemtv.com\/?p=72542"},"modified":"2025-12-07T11:15:56","modified_gmt":"2025-12-07T08:15:56","slug":"aydinda-puslu-sabah-manzaralari-mest-etti","status":"publish","type":"post","link":"https:\/\/www.egemtv.com\/?p=72542","title":{"rendered":"Ayd\u0131n\u2019da puslu sabah manzaralar\u0131 mest etti"},"content":{"rendered":"<p>Ayd\u0131n\u2019da sabah\u0131n ilk \u0131\u015f\u0131klar\u0131yla birlikte etkili olan yo\u011fun sis, kenti adeta beyaz bir \u00f6rt\u00fcyle kaplad\u0131.<\/p>\n<p>\u015eehrin \u00fczerinde beliren puslu manzara kartpostall\u0131k g\u00f6r\u00fcnt\u00fcler ortaya \u00e7\u0131kar\u0131rken, trafikte ise s\u00fcr\u00fcc\u00fclere zor anlar ya\u015fatt\u0131. Sis nedeniyle g\u00f6r\u00fc\u015f mesafesi d\u00fc\u015ft\u00fc. \u00d6zellikle erken saatlerde i\u015fe gitmek i\u00e7in yola \u00e7\u0131kan vatanda\u015flar h\u0131zlar\u0131n\u0131 d\u00fc\u015f\u00fcrmek zorunda kald\u0131. Kentin y\u00fcksek kesimleri ve ovaya bakan b\u00f6lgelerde sis daha yo\u011fun hissedilirken, \u015fehrin \u00fczerindeki do\u011fal manzara g\u00f6renlerin cep telefonlar\u0131na sar\u0131lmas\u0131na neden oldu. Sabah y\u00fcr\u00fcy\u00fc\u015f\u00fc yapan vatanda\u015flar y\u00fcksek kesimlere \u00e7\u0131k\u0131p Ayd\u0131n\u2019\u0131 resmederek ortaya \u00e7\u0131kan g\u00f6r\u00fcnt\u00fcleri sosyal medya hesaplar\u0131ndan payla\u015ft\u0131.<br \/><\/p>\n","protected":false},"excerpt":{"rendered":"<p>Ayd\u0131n\u2019da sabah\u0131n ilk \u0131\u015f\u0131klar\u0131yla birlikte etkili olan yo\u011fun sis, kenti adeta beyaz bir \u00f6rt\u00fcyle kaplad\u0131. \u015eehrin \u00fczerinde beliren puslu manzara kartpostall\u0131k g\u00f6r\u00fcnt\u00fcler ortaya \u00e7\u0131kar\u0131rken, trafikte ise s\u00fcr\u00fcc\u00fclere zor anlar ya\u015fatt\u0131. Sis nedeniyle g\u00f6r\u00fc\u015f mesafesi d\u00fc\u015ft\u00fc. \u00d6zellikle erken saatlerde i\u015fe gitmek i\u00e7in yola \u00e7\u0131kan vatanda\u015flar h\u0131zlar\u0131n\u0131 d\u00fc\u015f\u00fcrmek zorunda kald\u0131. Kentin y\u00fcksek kesimleri ve ovaya bakan b\u00f6lgelerde&#8230;<\/p>\n","protected":false},"author":1,"featured_media":72543,"comment_status":"open","ping_status":"open","sticky":false,"template":"","format":"standard","meta":{"_crdt_document":"","footnotes":""},"categories":[5],"tags":[],"class_list":["post-72542","post","type-post","status-publish","format-standard","has-post-thumbnail","hentry","category-asayis"],"_links":{"self":[{"href":"https:\/\/www.egemtv.com\/index.php?rest_route=\/wp\/v2\/posts\/72542","targetHints":{"allow":["GET"]}}],"collection":[{"href":"https:\/\/www.egemtv.com\/index.php?rest_route=\/wp\/v2\/posts"}],"about":[{"href":"https:\/\/www.egemtv.com\/index.php?rest_route=\/wp\/v2\/types\/post"}],"author":[{"embeddable":true,"href":"https:\/\/www.egemtv.com\/index.php?rest_route=\/wp\/v2\/users\/1"}],"replies":[{"embeddable":true,"href":"https:\/\/www.egemtv.com\/index.php?rest_route=%2Fwp%2Fv2%2Fcomments&post=72542"}],"version-history":[{"count":1,"href":"https:\/\/www.egemtv.com\/index.php?rest_route=\/wp\/v2\/posts\/72542\/revisions"}],"predecessor-version":[{"id":72544,"href":"https:\/\/www.egemtv.com\/index.php?rest_route=\/wp\/v2\/posts\/72542\/revisions\/72544"}],"wp:featuredmedia":[{"embeddable":true,"href":"https:\/\/www.egemtv.com\/index.php?rest_route=\/wp\/v2\/media\/72543"}],"wp:attachment":[{"href":"https:\/\/www.egemtv.com\/index.php?rest_route=%2Fwp%2Fv2%2Fmedia&parent=72542"}],"wp:term":[{"taxonomy":"category","embeddable":true,"href":"https:\/\/www.egemtv.com\/index.php?rest_route=%2Fwp%2Fv2%2Fcategories&post=72542"},{"taxonomy":"post_tag","embeddable":true,"href":"https:\/\/www.egemtv.com\/index.php?rest_route=%2Fwp%2Fv2%2Ftags&post=72542"}],"curies":[{"name":"wp","href":"https:\/\/api.w.org\/{rel}","templated":true}]}}