{"id":72539,"date":"2025-12-07T10:54:44","date_gmt":"2025-12-07T07:54:44","guid":{"rendered":"https:\/\/www.egemtv.com\/?p=72539"},"modified":"2025-12-07T10:54:45","modified_gmt":"2025-12-07T07:54:45","slug":"sabah-namazi-bulusmalari-kurukoyde-devam-etti","status":"publish","type":"post","link":"https:\/\/www.egemtv.com\/?p=72539","title":{"rendered":"Sabah namaz\u0131 bulu\u015fmalar\u0131 Kuruk\u00f6y\u2019de devam etti"},"content":{"rendered":"<p>Diyanet \u0130\u015fleri Ba\u015fkanl\u0131\u011f\u0131 Din Hizmetleri Genel M\u00fcd\u00fcrl\u00fc\u011f\u00fc\u2019n\u00fcn talimatlar\u0131 do\u011frultusunda her hafta farkl\u0131 bir camide d\u00fczenlenen sabah namaz\u0131 bulu\u015fmalar\u0131, Ayd\u0131n\u2019\u0131n \u00c7ine \u0130l\u00e7esinde bu hafta Kuruk\u00f6y Mahallesi Camii\u2019nde ger\u00e7ekle\u015ftirildi.<br \/>\n<br \/>Sabah namaz\u0131ndan \u00f6nce Cami \u0130mam Hatibi Muhammed Nasih Beyda\u015f taraf\u0131ndan okunan Kur\u2019an-\u0131 Kerim tilavetinin ard\u0131ndan cemaat hu\u015fu i\u00e7inde saf tuttu ve k\u0131l\u0131nan sabah namaz\u0131 sonras\u0131 \u0130l\u00e7e Vaizi Kamil Kebap\u2019\u0131n vaaz ve ir\u015fat konu\u015fmas\u0131yla program devam etti. Vaaz\u0131nda birlik, dayan\u0131\u015fma ve ibadetin hayat i\u00e7indeki yerini anlatan Kamil Kebap\u2019\u0131n duas\u0131n\u0131n ard\u0131ndan bulu\u015fma, cemaat i\u00e7in haz\u0131rlanan ikramla sona erdi. Her hafta farkl\u0131 bir camide ger\u00e7ekle\u015ftirilen sabah namaz\u0131 bulu\u015fmalar\u0131n\u0131n il\u00e7e genelinde yo\u011fun ilgi g\u00f6rd\u00fc\u011f\u00fc belirtildi.<br \/><\/p>\n","protected":false},"excerpt":{"rendered":"<p>Diyanet \u0130\u015fleri Ba\u015fkanl\u0131\u011f\u0131 Din Hizmetleri Genel M\u00fcd\u00fcrl\u00fc\u011f\u00fc\u2019n\u00fcn talimatlar\u0131 do\u011frultusunda her hafta farkl\u0131 bir camide d\u00fczenlenen sabah namaz\u0131 bulu\u015fmalar\u0131, Ayd\u0131n\u2019\u0131n \u00c7ine \u0130l\u00e7esinde bu hafta Kuruk\u00f6y Mahallesi Camii\u2019nde ger\u00e7ekle\u015ftirildi. Sabah namaz\u0131ndan \u00f6nce Cami \u0130mam Hatibi Muhammed Nasih Beyda\u015f taraf\u0131ndan okunan Kur\u2019an-\u0131 Kerim tilavetinin ard\u0131ndan cemaat hu\u015fu i\u00e7inde saf tuttu ve k\u0131l\u0131nan sabah namaz\u0131 sonras\u0131 \u0130l\u00e7e Vaizi Kamil&#8230;<\/p>\n","protected":false},"author":1,"featured_media":72540,"comment_status":"open","ping_status":"open","sticky":false,"template":"","format":"standard","meta":{"_crdt_document":"","footnotes":""},"categories":[1],"tags":[],"class_list":["post-72539","post","type-post","status-publish","format-standard","has-post-thumbnail","hentry","category-guncel"],"_links":{"self":[{"href":"https:\/\/www.egemtv.com\/index.php?rest_route=\/wp\/v2\/posts\/72539","targetHints":{"allow":["GET"]}}],"collection":[{"href":"https:\/\/www.egemtv.com\/index.php?rest_route=\/wp\/v2\/posts"}],"about":[{"href":"https:\/\/www.egemtv.com\/index.php?rest_route=\/wp\/v2\/types\/post"}],"author":[{"embeddable":true,"href":"https:\/\/www.egemtv.com\/index.php?rest_route=\/wp\/v2\/users\/1"}],"replies":[{"embeddable":true,"href":"https:\/\/www.egemtv.com\/index.php?rest_route=%2Fwp%2Fv2%2Fcomments&post=72539"}],"version-history":[{"count":1,"href":"https:\/\/www.egemtv.com\/index.php?rest_route=\/wp\/v2\/posts\/72539\/revisions"}],"predecessor-version":[{"id":72541,"href":"https:\/\/www.egemtv.com\/index.php?rest_route=\/wp\/v2\/posts\/72539\/revisions\/72541"}],"wp:featuredmedia":[{"embeddable":true,"href":"https:\/\/www.egemtv.com\/index.php?rest_route=\/wp\/v2\/media\/72540"}],"wp:attachment":[{"href":"https:\/\/www.egemtv.com\/index.php?rest_route=%2Fwp%2Fv2%2Fmedia&parent=72539"}],"wp:term":[{"taxonomy":"category","embeddable":true,"href":"https:\/\/www.egemtv.com\/index.php?rest_route=%2Fwp%2Fv2%2Fcategories&post=72539"},{"taxonomy":"post_tag","embeddable":true,"href":"https:\/\/www.egemtv.com\/index.php?rest_route=%2Fwp%2Fv2%2Ftags&post=72539"}],"curies":[{"name":"wp","href":"https:\/\/api.w.org\/{rel}","templated":true}]}}