{"id":72533,"date":"2025-12-07T10:34:58","date_gmt":"2025-12-07T07:34:58","guid":{"rendered":"https:\/\/www.egemtv.com\/?p=72533"},"modified":"2025-12-07T10:34:59","modified_gmt":"2025-12-07T07:34:59","slug":"izmirde-yuzlerce-gonullu-iyilik-icin-tek-yurek-oldu","status":"publish","type":"post","link":"https:\/\/www.egemtv.com\/?p=72533","title":{"rendered":"\u0130zmir\u2019de y\u00fczlerce g\u00f6n\u00fcll\u00fc &#8220;\u0130yilik&#8221; i\u00e7in tek y\u00fcrek oldu"},"content":{"rendered":"<p>\u0130zmir, D\u00fcnya G\u00f6n\u00fcll\u00fcler G\u00fcn\u00fc\u2019nde iyilikle kenetlendi. Ya\u015far \u00dcniversitesi \u00f6nc\u00fcl\u00fc\u011f\u00fcnde 10. ya\u015f\u0131n\u0131 kutlayan \u2018\u0130zmir\u2019de \u0130yilik Var\u2019 hareketi, Alsancak\u2019tan vapurlara ta\u015fan etkinliklerle y\u00fczlerce g\u00f6n\u00fcll\u00fcy\u00fc bulu\u015fturdu. Minik \u00f6\u011frencilerden \u00fcniversitelilere, 7\u2019den 70\u2019e herkesin \u2018iyilik\u2019 i\u00e7in tek y\u00fcrek oldu\u011fu g\u00fcnde, dayan\u0131\u015fma mesajlar\u0131 kenti sard\u0131.<br \/>\n<br \/>Ya\u015far \u00dcniversitesi\u2019nin, 2016 y\u0131l\u0131nda &#8220;Kamp\u00fcste \u0130yilik Var&#8221; slogan\u0131yla ba\u015flatt\u0131\u011f\u0131 iyilik yolculu\u011fu, &#8220;\u0130zmir\u2019de \u0130yilik Var&#8221; isimli sosyal sorumluluk kampanyas\u0131na d\u00f6n\u00fc\u015ferek t\u00fcm kente yay\u0131ld\u0131 ve her y\u0131l bu kapsamda pek \u00e7ok etkinlik d\u00fczenlendi. \u0130zmir\u2019de g\u00f6n\u00fcll\u00fcl\u00fck ve dayan\u0131\u015fma k\u00fclt\u00fcr\u00fcn\u00fc ya\u015fatmay\u0131 ama\u00e7layan &#8220;\u0130zmir\u2019de \u0130yilik Var&#8221; hareketi, bu sene &#8220;2026\u2019ya Do\u011fru S\u00fcrd\u00fcr\u00fclebilir G\u00f6n\u00fcll\u00fcl\u00fck&#8221; temas\u0131yla ger\u00e7ekle\u015fti. \u0130zmir B\u00fcy\u00fck\u015fehir Belediyesi ve T\u00fclay Akta\u015f G\u00f6n\u00fcll\u00fc Kurulu\u015flar G\u00fc\u00e7birli\u011fi ba\u015fta olmak \u00fczere \u00e7ok say\u0131da sivil toplum kurulu\u015funun katk\u0131lar\u0131yla y\u00fcr\u00fct\u00fclen etkinlikte y\u00fczlerce iyilik g\u00f6n\u00fcll\u00fcs\u00fc Alsancak Vapur \u0130skelesi\u2019nde bulu\u015ftu. Kat\u0131l\u0131mc\u0131lar, g\u00fcn boyu s\u00fcren konserler, at\u00f6lyeler ve s\u00f6yle\u015filerle hem e\u011flendi hem de fark\u0131ndal\u0131k kazand\u0131.<br \/>\n<br \/>Etkinlikte; Konak Belediye Ba\u015fkan\u0131 Nil\u00fcfer \u00c7\u0131nar Mutlu, Ya\u015far \u00dcniversitesi Rekt\u00f6r Yard\u0131mc\u0131s\u0131 Prof. Dr. Yi\u011fit Kazan\u00e7o\u011flu, \u0130zmir \u0130l Sivil Toplumla \u0130li\u015fkiler M\u00fcd\u00fcr\u00fc Turgay Esen, \u0130zmir B\u00fcy\u00fck\u015fehir Belediyesi K\u00fct\u00fcphaneler \u015eube M\u00fcd\u00fcr\u00fc Burcu \u00d6nen\u00e7, T\u00fclay Akta\u015f G\u00f6n\u00fcll\u00fc Kurulu\u015flar G\u00fc\u00e7birli\u011fi Temsilcisi Fato\u015f Day\u0131o\u011flu ve \u0130zmir\u2019de \u0130yilik Var Organizasyon Komitesi Temsilcisi Zeliha Silleli \u00dcnal yer ald\u0131.<\/p>\n<p>\u0130yilik karada ba\u015flad\u0131, denizde devam etti<br \/>\n<br \/>Alsancak Vapur \u0130skelesi \u00f6n\u00fcnde kurulan sahnede, zumba dans at\u00f6lyesi, Bar\u0131\u015f \u00c7ocuk Orkestras\u0131\u2019n\u0131n m\u00fczik konseri ve Badem Gen\u00e7lik ve Spor Kul\u00fcb\u00fc\u2019n\u00fcn halk oyunlar\u0131 g\u00f6sterisi b\u00fcy\u00fck alk\u0131\u015f ald\u0131. Alanda kurulan arma\u011fan masas\u0131, kitap takas noktas\u0131, tohum stand\u0131, maske boyama ve \u00e7ocuklar i\u00e7in oyun alanlar\u0131 yo\u011fun ilgi g\u00f6rd\u00fc. Etkinli\u011fin logosunu g\u00f6n\u00fcll\u00fc olarak tasarlayan \u00f6\u011frenciler Nehir Atan, Belinay Aldundal ve Nisanur Acar ise tasar\u0131mlar\u0131n\u0131n &#8220;\u0130yilik yapan iyilik bulur&#8221; felsefesini ta\u015f\u0131d\u0131\u011f\u0131n\u0131 belirtti.<br \/>\n<br \/>\u0130yilik hareketi sadece iskeleyle s\u0131n\u0131rl\u0131 kalmay\u0131p Alsancak &#8211; Bostanl\u0131 vapur seferlerine de ta\u015f\u0131nd\u0131. Vapur yolculu\u011fu s\u0131ras\u0131nda, y\u00fcr\u00fcme engelli Mehmet R\u0131za Mutkilio\u011flu, &#8220;Sakata Gelme&#8221; isimli komedi g\u00f6sterisiyle yolcular\u0131 g\u00fcld\u00fcr\u00fcrken; G\u00f6khan G\u00fcneri, Kistik Fibrozis hastas\u0131 o\u011flunun sesini duyurmak ve bu hastal\u0131\u011fa dikkat \u00e7ekmek i\u00e7in payla\u015ft\u0131\u011f\u0131 hikayesiyle dinleyicilere ilham verdi. Ayr\u0131ca vapurda, T\u00fcrkiye Erozyonla M\u00fccadele A\u011fa\u00e7land\u0131rma ve Do\u011fal Varl\u0131klar\u0131 Koruma Vakf\u0131 (TEMA Vakf\u0131) g\u00f6n\u00fcll\u00fcleri de yolcular\u0131n ekolojik ayak izi \u00f6l\u00e7\u00fcmlerini ger\u00e7ekle\u015ftirerek, sonu\u00e7lara g\u00f6re en az ekolojik ayak izine sahip ki\u015fiye hediye verdi.<\/p>\n<p>&#8220;\u0130yili\u011fi eyleme d\u00f6n\u00fc\u015ft\u00fcr\u00fcyoruz&#8221;<br \/>\n<br \/>A\u00e7\u0131l\u0131\u015f konu\u015fmas\u0131n\u0131 yapan Ya\u015far \u00dcniversitesi Rekt\u00f6r Yard\u0131mc\u0131s\u0131 Prof. Dr. Yi\u011fit Kazan\u00e7o\u011flu, \u00fcniversitelerin sadece e\u011fitim kurumu de\u011fil, toplumsal sorumluluk merkezleri oldu\u011funu vurgulayarak, &#8220;Bug\u00fcn burada iyili\u011fi ve g\u00f6n\u00fcll\u00fcl\u00fc\u011f\u00fc kutlamak ve bunu eyleme d\u00f6n\u00fc\u015ft\u00fcrmek i\u00e7in bulunuyoruz. \u0130zmir, tarih boyunca dayan\u0131\u015fma k\u00fclt\u00fcr\u00fc g\u00fc\u00e7l\u00fc bir \u015fehir olmu\u015ftur. Bu etkinlik, \u0130zmir\u2019de dayan\u0131\u015fma k\u00fclt\u00fcr\u00fcn\u00fcn g\u00fc\u00e7lenmesine vesile olacakt\u0131r&#8221; dedi.<br \/>\n<br \/>Projenin mimar\u0131, Ya\u015far \u00dcniversitesi Sosyal Giri\u015fimcilik ve Sosyal Etki Ofisi Y\u00f6neticisi \u00d6\u011fretim G\u00f6revlisi Kevser \u00c7imenli ise &#8220;\u2018Kamp\u00fcste \u0130yilik Var\u2019 ad\u0131yla ba\u015flayan k\u00fc\u00e7\u00fck bir hareket, bug\u00fcn \u0130zmir\u2019in geleneksel etkinliklerinden biri haline geldi. Bir \u015fehirde g\u00f6n\u00fcll\u00fcl\u00fck varsa dayan\u0131\u015fma vard\u0131r&#8221; \u015feklinde konu\u015ftu.<br \/><\/p>\n","protected":false},"excerpt":{"rendered":"<p>\u0130zmir, D\u00fcnya G\u00f6n\u00fcll\u00fcler G\u00fcn\u00fc\u2019nde iyilikle kenetlendi. Ya\u015far \u00dcniversitesi \u00f6nc\u00fcl\u00fc\u011f\u00fcnde 10. ya\u015f\u0131n\u0131 kutlayan \u2018\u0130zmir\u2019de \u0130yilik Var\u2019 hareketi, Alsancak\u2019tan vapurlara ta\u015fan etkinliklerle y\u00fczlerce g\u00f6n\u00fcll\u00fcy\u00fc bulu\u015fturdu. Minik \u00f6\u011frencilerden \u00fcniversitelilere, 7\u2019den 70\u2019e herkesin \u2018iyilik\u2019 i\u00e7in tek y\u00fcrek oldu\u011fu g\u00fcnde, dayan\u0131\u015fma mesajlar\u0131 kenti sard\u0131. Ya\u015far \u00dcniversitesi\u2019nin, 2016 y\u0131l\u0131nda &#8220;Kamp\u00fcste \u0130yilik Var&#8221; slogan\u0131yla ba\u015flatt\u0131\u011f\u0131 iyilik yolculu\u011fu, &#8220;\u0130zmir\u2019de \u0130yilik Var&#8221; isimli sosyal&#8230;<\/p>\n","protected":false},"author":1,"featured_media":72534,"comment_status":"open","ping_status":"open","sticky":false,"template":"","format":"standard","meta":{"_crdt_document":"","footnotes":""},"categories":[1],"tags":[],"class_list":["post-72533","post","type-post","status-publish","format-standard","has-post-thumbnail","hentry","category-guncel"],"_links":{"self":[{"href":"https:\/\/www.egemtv.com\/index.php?rest_route=\/wp\/v2\/posts\/72533","targetHints":{"allow":["GET"]}}],"collection":[{"href":"https:\/\/www.egemtv.com\/index.php?rest_route=\/wp\/v2\/posts"}],"about":[{"href":"https:\/\/www.egemtv.com\/index.php?rest_route=\/wp\/v2\/types\/post"}],"author":[{"embeddable":true,"href":"https:\/\/www.egemtv.com\/index.php?rest_route=\/wp\/v2\/users\/1"}],"replies":[{"embeddable":true,"href":"https:\/\/www.egemtv.com\/index.php?rest_route=%2Fwp%2Fv2%2Fcomments&post=72533"}],"version-history":[{"count":1,"href":"https:\/\/www.egemtv.com\/index.php?rest_route=\/wp\/v2\/posts\/72533\/revisions"}],"predecessor-version":[{"id":72535,"href":"https:\/\/www.egemtv.com\/index.php?rest_route=\/wp\/v2\/posts\/72533\/revisions\/72535"}],"wp:featuredmedia":[{"embeddable":true,"href":"https:\/\/www.egemtv.com\/index.php?rest_route=\/wp\/v2\/media\/72534"}],"wp:attachment":[{"href":"https:\/\/www.egemtv.com\/index.php?rest_route=%2Fwp%2Fv2%2Fmedia&parent=72533"}],"wp:term":[{"taxonomy":"category","embeddable":true,"href":"https:\/\/www.egemtv.com\/index.php?rest_route=%2Fwp%2Fv2%2Fcategories&post=72533"},{"taxonomy":"post_tag","embeddable":true,"href":"https:\/\/www.egemtv.com\/index.php?rest_route=%2Fwp%2Fv2%2Ftags&post=72533"}],"curies":[{"name":"wp","href":"https:\/\/api.w.org\/{rel}","templated":true}]}}