{"id":72530,"date":"2025-12-07T09:57:54","date_gmt":"2025-12-07T06:57:54","guid":{"rendered":"https:\/\/www.egemtv.com\/?p=72530"},"modified":"2025-12-07T09:57:54","modified_gmt":"2025-12-07T06:57:54","slug":"selendi-trazlar-maci-sakatliklar-nedeniyle-tatil-edildi","status":"publish","type":"post","link":"https:\/\/www.egemtv.com\/?p=72530","title":{"rendered":"Selendi-Trazlar ma\u00e7\u0131 sakatl\u0131klar nedeniyle tatil edildi"},"content":{"rendered":"<p>Manisa 1. Amat\u00f6r K\u00fcme m\u00fccadelesinde Trazlar Spor\u2019un art arda sakatl\u0131klar sonucu sahada 7 ki\u015fi kalmas\u0131 \u00fczerine Selendi Belediye Spor\u2019un 3-0 \u00fcst\u00fcn g\u00f6t\u00fcrd\u00fc\u011f\u00fc kar\u015f\u0131la\u015fma 77. dakikada hakem taraf\u0131ndan tatil edildi. Nihai karar\u0131 Manisa ASKF verecek.<br \/>\n<br \/>Manisa 1. Amat\u00f6r K\u00fcme Ala\u015fehir Grubu\u2019nda Selendi Belediye Spor ile Trazlar Spor aras\u0131nda oynanan kar\u015f\u0131la\u015fma, konuk ekibin ya\u015fad\u0131\u011f\u0131 sakatl\u0131klar nedeniyle sahada 7 ki\u015fi kalmas\u0131 \u00fczerine 77. dakikada hakem taraf\u0131ndan tatil edildi. Ma\u00e7\u0131n tesciline ili\u015fkin karar\u0131 Manisa Amat\u00f6r Spor Kul\u00fcpleri Federasyonu (ASKF) verecek.<br \/>\n<br \/>Selendi 3 Eyl\u00fcl \u015eehir Stad\u0131\u2019nda oynanan ve Kadir Gen\u00e7, Altay Akkaynak ve E. Ya\u011f\u0131z \u00d6zk\u0131z\u0131lc\u0131k hakem \u00fc\u00e7l\u00fcs\u00fc taraf\u0131ndan y\u00f6netilen m\u00fccadelede Selendi Belediye Spor, taraftar\u0131n\u0131n da deste\u011fiyle ma\u00e7a h\u0131zl\u0131 ba\u015flad\u0131. \u0130lk yar\u0131da 20. dakikada Hamza\u2019n\u0131n kaydetti\u011fi golle 1-0 \u00f6ne ge\u00e7en ev sahibi ekip, devreye bu skorla girdi.<br \/>\n<br \/>\u0130kinci yar\u0131da oyunun kontrol\u00fcn\u00fc tamamen eline alan Selendi Belediye Spor, 65. dakikada Ya\u011f\u0131z Berk\u2019in gol\u00fcyle fark\u0131 2\u2019ye \u00e7\u0131kard\u0131. Ayn\u0131 oyuncu 70. dakikada yeniden sahneye \u00e7\u0131karak skoru 3-0\u2019a ta\u015f\u0131d\u0131.<br \/>\n<br \/>M\u00fccadelede Trazlar Spor cephesinde futbokcular\u0131n sakatlanmas\u0131yla tak\u0131m sahada 7 ki\u015fi kal\u0131nca, yedek oyuncusu da bulunmayan Trazlar Spor oyuna devam edemedi. Bunun \u00fczerine hakem Kadir Gen\u00e7, kar\u015f\u0131la\u015fmay\u0131 kurallar gere\u011fi 77. dakikada tatil etti.<br \/>\n<br \/>M\u00fcsabakan\u0131n 3-0 Selendi Belediye Spor lehine tescillenmesi beklenirken, kesin karar\u0131n Manisa ASKF taraf\u0131ndan \u00f6n\u00fcm\u00fczdeki g\u00fcnlerde a\u00e7\u0131klanaca\u011f\u0131 belirtildi.<br \/>\n<br \/>Selendi Belediye Spor, gelecek hafta sahas\u0131nda S. Y\u0131ld\u0131r\u0131m Spor\u2019u konuk edecek.<br \/><\/p>\n","protected":false},"excerpt":{"rendered":"<p>Manisa 1. Amat\u00f6r K\u00fcme m\u00fccadelesinde Trazlar Spor\u2019un art arda sakatl\u0131klar sonucu sahada 7 ki\u015fi kalmas\u0131 \u00fczerine Selendi Belediye Spor\u2019un 3-0 \u00fcst\u00fcn g\u00f6t\u00fcrd\u00fc\u011f\u00fc kar\u015f\u0131la\u015fma 77. dakikada hakem taraf\u0131ndan tatil edildi. Nihai karar\u0131 Manisa ASKF verecek. Manisa 1. Amat\u00f6r K\u00fcme Ala\u015fehir Grubu\u2019nda Selendi Belediye Spor ile Trazlar Spor aras\u0131nda oynanan kar\u015f\u0131la\u015fma, konuk ekibin ya\u015fad\u0131\u011f\u0131 sakatl\u0131klar nedeniyle sahada&#8230;<\/p>\n","protected":false},"author":1,"featured_media":72531,"comment_status":"open","ping_status":"open","sticky":false,"template":"","format":"standard","meta":{"_crdt_document":"","footnotes":""},"categories":[4],"tags":[],"class_list":["post-72530","post","type-post","status-publish","format-standard","has-post-thumbnail","hentry","category-spor"],"_links":{"self":[{"href":"https:\/\/www.egemtv.com\/index.php?rest_route=\/wp\/v2\/posts\/72530","targetHints":{"allow":["GET"]}}],"collection":[{"href":"https:\/\/www.egemtv.com\/index.php?rest_route=\/wp\/v2\/posts"}],"about":[{"href":"https:\/\/www.egemtv.com\/index.php?rest_route=\/wp\/v2\/types\/post"}],"author":[{"embeddable":true,"href":"https:\/\/www.egemtv.com\/index.php?rest_route=\/wp\/v2\/users\/1"}],"replies":[{"embeddable":true,"href":"https:\/\/www.egemtv.com\/index.php?rest_route=%2Fwp%2Fv2%2Fcomments&post=72530"}],"version-history":[{"count":1,"href":"https:\/\/www.egemtv.com\/index.php?rest_route=\/wp\/v2\/posts\/72530\/revisions"}],"predecessor-version":[{"id":72532,"href":"https:\/\/www.egemtv.com\/index.php?rest_route=\/wp\/v2\/posts\/72530\/revisions\/72532"}],"wp:featuredmedia":[{"embeddable":true,"href":"https:\/\/www.egemtv.com\/index.php?rest_route=\/wp\/v2\/media\/72531"}],"wp:attachment":[{"href":"https:\/\/www.egemtv.com\/index.php?rest_route=%2Fwp%2Fv2%2Fmedia&parent=72530"}],"wp:term":[{"taxonomy":"category","embeddable":true,"href":"https:\/\/www.egemtv.com\/index.php?rest_route=%2Fwp%2Fv2%2Fcategories&post=72530"},{"taxonomy":"post_tag","embeddable":true,"href":"https:\/\/www.egemtv.com\/index.php?rest_route=%2Fwp%2Fv2%2Ftags&post=72530"}],"curies":[{"name":"wp","href":"https:\/\/api.w.org\/{rel}","templated":true}]}}