{"id":72527,"date":"2025-12-07T09:57:53","date_gmt":"2025-12-07T06:57:53","guid":{"rendered":"https:\/\/www.egemtv.com\/?p=72527"},"modified":"2025-12-07T09:57:54","modified_gmt":"2025-12-07T06:57:54","slug":"kutahyada-kucukbas-hayvanciliga-yeni-destek-programi","status":"publish","type":"post","link":"https:\/\/www.egemtv.com\/?p=72527","title":{"rendered":"K\u00fctahya\u2019da k\u00fc\u00e7\u00fckba\u015f hayvanc\u0131l\u0131\u011fa yeni destek program\u0131"},"content":{"rendered":"<p>AK Parti K\u00fctahya Milletvekili Mehmet Demir, \u0130l \u00d6zel \u0130daresi taraf\u0131ndan 2026 y\u0131l\u0131 b\u00fct\u00e7esi kapsam\u0131nda hayata ge\u00e7irilecek yeni bir proje ile k\u00fc\u00e7\u00fckba\u015f hayvanc\u0131l\u0131\u011f\u0131n geli\u015ftirilmesine y\u00f6nelik \u00f6nemli bir destek program\u0131 ba\u015flatacaklar\u0131n\u0131 a\u00e7\u0131klad\u0131.<br \/>\n<br \/>Milletvekili Demir, yap\u0131lacak \u00e7al\u0131\u015fman\u0131n hem \u00fcretimi art\u0131rmay\u0131 hem de k\u00fc\u00e7\u00fckba\u015f hayvanc\u0131l\u0131\u011f\u0131 b\u00f6lgede daha g\u00fc\u00e7l\u00fc bir konuma ta\u015f\u0131may\u0131 hedefledi\u011fini belirterek \u015funlar\u0131 s\u00f6yledi: &#8220;\u00d6zel \u0130dare taraf\u0131ndan 2026 b\u00fct\u00e7esi ba\u015flamak \u00fczere yapt\u0131\u011f\u0131m\u0131z bir proje var. Bu proje kapsam\u0131nda k\u00fc\u00e7\u00fckba\u015f hayvanc\u0131l\u0131\u011f\u0131 y\u00fckselten ya da geli\u015ftirilmesiyle ilgili bir destek program\u0131 ba\u015flat\u0131yoruz in\u015fallah.&#8221;<br \/>\n<br \/>Milletvekili Mehmet Demir, projeye katk\u0131 sunan t\u00fcm kurum ve y\u00f6neticilere te\u015fekk\u00fcr ederek s\u00f6zlerini \u015f\u00f6yle s\u00fcrd\u00fcrd\u00fc: &#8220;Ba\u015fta K\u00fctahya Valimiz olmak \u00fczere \u0130l Genel Meclisi Ba\u015fkan\u0131m\u0131za, \u0130l \u00d6zel \u0130daresi Genel Sekreterimize, \u0130l Genel Meclisi \u00fcyelerimize, milletvekillerimize ve il ba\u015fkanl\u0131\u011f\u0131m\u0131za te\u015fekk\u00fcr ediyorum. Sizler arac\u0131l\u0131\u011f\u0131yla K\u00fctahyal\u0131 hem\u015ferilerimize de bu konuyu duyurmu\u015f olal\u0131m. Hepinize te\u015fekk\u00fcr ediyorum.&#8221;<br \/><\/p>\n","protected":false},"excerpt":{"rendered":"<p>AK Parti K\u00fctahya Milletvekili Mehmet Demir, \u0130l \u00d6zel \u0130daresi taraf\u0131ndan 2026 y\u0131l\u0131 b\u00fct\u00e7esi kapsam\u0131nda hayata ge\u00e7irilecek yeni bir proje ile k\u00fc\u00e7\u00fckba\u015f hayvanc\u0131l\u0131\u011f\u0131n geli\u015ftirilmesine y\u00f6nelik \u00f6nemli bir destek program\u0131 ba\u015flatacaklar\u0131n\u0131 a\u00e7\u0131klad\u0131. Milletvekili Demir, yap\u0131lacak \u00e7al\u0131\u015fman\u0131n hem \u00fcretimi art\u0131rmay\u0131 hem de k\u00fc\u00e7\u00fckba\u015f hayvanc\u0131l\u0131\u011f\u0131 b\u00f6lgede daha g\u00fc\u00e7l\u00fc bir konuma ta\u015f\u0131may\u0131 hedefledi\u011fini belirterek \u015funlar\u0131 s\u00f6yledi: &#8220;\u00d6zel \u0130dare taraf\u0131ndan 2026&#8230;<\/p>\n","protected":false},"author":1,"featured_media":72528,"comment_status":"open","ping_status":"open","sticky":false,"template":"","format":"standard","meta":{"_crdt_document":"","footnotes":""},"categories":[125],"tags":[],"class_list":["post-72527","post","type-post","status-publish","format-standard","has-post-thumbnail","hentry","category-ekonomi"],"_links":{"self":[{"href":"https:\/\/www.egemtv.com\/index.php?rest_route=\/wp\/v2\/posts\/72527","targetHints":{"allow":["GET"]}}],"collection":[{"href":"https:\/\/www.egemtv.com\/index.php?rest_route=\/wp\/v2\/posts"}],"about":[{"href":"https:\/\/www.egemtv.com\/index.php?rest_route=\/wp\/v2\/types\/post"}],"author":[{"embeddable":true,"href":"https:\/\/www.egemtv.com\/index.php?rest_route=\/wp\/v2\/users\/1"}],"replies":[{"embeddable":true,"href":"https:\/\/www.egemtv.com\/index.php?rest_route=%2Fwp%2Fv2%2Fcomments&post=72527"}],"version-history":[{"count":1,"href":"https:\/\/www.egemtv.com\/index.php?rest_route=\/wp\/v2\/posts\/72527\/revisions"}],"predecessor-version":[{"id":72529,"href":"https:\/\/www.egemtv.com\/index.php?rest_route=\/wp\/v2\/posts\/72527\/revisions\/72529"}],"wp:featuredmedia":[{"embeddable":true,"href":"https:\/\/www.egemtv.com\/index.php?rest_route=\/wp\/v2\/media\/72528"}],"wp:attachment":[{"href":"https:\/\/www.egemtv.com\/index.php?rest_route=%2Fwp%2Fv2%2Fmedia&parent=72527"}],"wp:term":[{"taxonomy":"category","embeddable":true,"href":"https:\/\/www.egemtv.com\/index.php?rest_route=%2Fwp%2Fv2%2Fcategories&post=72527"},{"taxonomy":"post_tag","embeddable":true,"href":"https:\/\/www.egemtv.com\/index.php?rest_route=%2Fwp%2Fv2%2Ftags&post=72527"}],"curies":[{"name":"wp","href":"https:\/\/api.w.org\/{rel}","templated":true}]}}