{"id":72521,"date":"2025-12-07T08:54:37","date_gmt":"2025-12-07T05:54:37","guid":{"rendered":"https:\/\/www.egemtv.com\/?p=72521"},"modified":"2025-12-07T08:54:38","modified_gmt":"2025-12-07T05:54:38","slug":"yoldan-cikan-otomobil-takla-atti-2-yarali","status":"publish","type":"post","link":"https:\/\/www.egemtv.com\/?p=72521","title":{"rendered":"Yoldan \u00e7\u0131kan otomobil takla att\u0131; 2 yaral\u0131"},"content":{"rendered":"<p>Denizli\u2019de etkili olan sa\u011fanak ya\u011f\u0131\u015f\u0131n nedeniyle kayganla\u015fan yolda direksiyon hakimiyetini kaybeden otomobil takla atarak yoldan \u00e7\u0131kt\u0131. Kazada 2 ki\u015fi yaralan\u0131rken, ara\u00e7 hurdaya d\u00f6nd\u00fc.<\/p>\n<p>Kaza, Honaz il\u00e7esi \u00e7evre yolunda meydana geldi. Edinilen bilgilere g\u00f6re; \u00e7evre yolunda etkili olan sa\u011fanak ya\u011f\u0131\u015f sonucu seyir halindeki otomobil direksiyon hakimiyetini kaybetmesi sonucu takla atarak yol kenar\u0131nda durabildi. \u00c7evredeki vatanda\u015flar\u0131n ihbar\u0131 \u00fczerine b\u00f6lgeye itfaiye, sa\u011fl\u0131k ve polis ekipleri sevk edildi.<\/p>\n<p>B\u00f6lgeye gelen itfaiye ekipleri ara\u00e7ta s\u0131k\u0131\u015fan iki ki\u015fiyi \u00e7al\u0131\u015fmalar\u0131n ad\u0131ndan ara\u00e7tan \u00e7\u0131kard\u0131. S\u0131k\u0131\u015ft\u0131klar\u0131 yerden \u00e7\u0131karan itfaiye ekipleri, 2 yaral\u0131y\u0131 sa\u011fl\u0131k ekiplerine teslim etti. Kurtar\u0131lan iki yaral\u0131, sa\u011fl\u0131k ekipleri taraf\u0131ndan ilk m\u00fcdahaleleri yap\u0131ld\u0131ktan sonra ambulanslarla \u00e7evredeki hastanelere kald\u0131r\u0131larak tedavi alt\u0131na al\u0131nd\u0131.<\/p>\n<p>Kaza sonucunda ara\u00e7 hurdaya d\u00f6nerken, hastaneye kald\u0131r\u0131lan 2 ki\u015finin hayati tehlikesi olmad\u0131\u011f\u0131 \u00f6\u011frenildi. Kaza ile ilgili soru\u015fturma ba\u015flat\u0131ld\u0131.<br \/><\/p>\n","protected":false},"excerpt":{"rendered":"<p>Denizli\u2019de etkili olan sa\u011fanak ya\u011f\u0131\u015f\u0131n nedeniyle kayganla\u015fan yolda direksiyon hakimiyetini kaybeden otomobil takla atarak yoldan \u00e7\u0131kt\u0131. Kazada 2 ki\u015fi yaralan\u0131rken, ara\u00e7 hurdaya d\u00f6nd\u00fc. Kaza, Honaz il\u00e7esi \u00e7evre yolunda meydana geldi. Edinilen bilgilere g\u00f6re; \u00e7evre yolunda etkili olan sa\u011fanak ya\u011f\u0131\u015f sonucu seyir halindeki otomobil direksiyon hakimiyetini kaybetmesi sonucu takla atarak yol kenar\u0131nda durabildi. \u00c7evredeki vatanda\u015flar\u0131n ihbar\u0131&#8230;<\/p>\n","protected":false},"author":1,"featured_media":72522,"comment_status":"open","ping_status":"open","sticky":false,"template":"","format":"standard","meta":{"_crdt_document":"","footnotes":""},"categories":[5],"tags":[],"class_list":["post-72521","post","type-post","status-publish","format-standard","has-post-thumbnail","hentry","category-asayis"],"_links":{"self":[{"href":"https:\/\/www.egemtv.com\/index.php?rest_route=\/wp\/v2\/posts\/72521","targetHints":{"allow":["GET"]}}],"collection":[{"href":"https:\/\/www.egemtv.com\/index.php?rest_route=\/wp\/v2\/posts"}],"about":[{"href":"https:\/\/www.egemtv.com\/index.php?rest_route=\/wp\/v2\/types\/post"}],"author":[{"embeddable":true,"href":"https:\/\/www.egemtv.com\/index.php?rest_route=\/wp\/v2\/users\/1"}],"replies":[{"embeddable":true,"href":"https:\/\/www.egemtv.com\/index.php?rest_route=%2Fwp%2Fv2%2Fcomments&post=72521"}],"version-history":[{"count":1,"href":"https:\/\/www.egemtv.com\/index.php?rest_route=\/wp\/v2\/posts\/72521\/revisions"}],"predecessor-version":[{"id":72523,"href":"https:\/\/www.egemtv.com\/index.php?rest_route=\/wp\/v2\/posts\/72521\/revisions\/72523"}],"wp:featuredmedia":[{"embeddable":true,"href":"https:\/\/www.egemtv.com\/index.php?rest_route=\/wp\/v2\/media\/72522"}],"wp:attachment":[{"href":"https:\/\/www.egemtv.com\/index.php?rest_route=%2Fwp%2Fv2%2Fmedia&parent=72521"}],"wp:term":[{"taxonomy":"category","embeddable":true,"href":"https:\/\/www.egemtv.com\/index.php?rest_route=%2Fwp%2Fv2%2Fcategories&post=72521"},{"taxonomy":"post_tag","embeddable":true,"href":"https:\/\/www.egemtv.com\/index.php?rest_route=%2Fwp%2Fv2%2Ftags&post=72521"}],"curies":[{"name":"wp","href":"https:\/\/api.w.org\/{rel}","templated":true}]}}