{"id":72518,"date":"2025-12-07T03:14:37","date_gmt":"2025-12-07T00:14:37","guid":{"rendered":"https:\/\/www.egemtv.com\/?p=72518"},"modified":"2025-12-07T03:14:38","modified_gmt":"2025-12-07T00:14:38","slug":"mentesede-bicakli-kavga1-kisi-agir-yarali","status":"publish","type":"post","link":"https:\/\/www.egemtv.com\/?p=72518","title":{"rendered":"Mente\u015fe\u2019de b\u0131\u00e7akl\u0131 kavga:1 ki\u015fi a\u011f\u0131r yaral\u0131"},"content":{"rendered":"<p>Mu\u011fla\u2019n\u0131n merkez il\u00e7esi Mente\u015fe\u2019de meydana gelen b\u0131\u00e7akl\u0131 kavgada 1 ki\u015fi a\u011f\u0131r yaraland\u0131.<br \/>\n<br \/>Olay Emirbeyaz\u0131t Mahallesi Cemil \u015eerif Baydur Sokak\u2019ta meydana geldi.<br \/>\n<br \/>Edinilen bilgilere g\u00f6re, bir grup taraf\u0131ndan hen\u00fcz nedeni belirlenemeyen bir tart\u0131\u015fma k\u0131sa s\u00fcrede \u015fiddetlenerek b\u00fcy\u00fcd\u00fc. Olay s\u0131ras\u0131nda 31 ya\u015f\u0131ndaki K.D. isimli ki\u015fi, v\u00fccudunun \u00e7e\u015fitli yerlerinden ald\u0131\u011f\u0131 b\u0131\u00e7ak darbeleriyle a\u011f\u0131r yaraland\u0131.<br \/>\n<br \/>\u00c7evredeki vatanda\u015flar\u0131n 112 Acil \u00c7a\u011fr\u0131 Merkezi\u2019ne bilgi vermesi \u00fczerine b\u00f6lgeye polis ve sa\u011fl\u0131k ekipleri sevk edildi. Yaral\u0131 K.D.\u2019ye olay yerinde yap\u0131lan ilk m\u00fcdahalenin ard\u0131ndan ambulansla Mu\u011fla E\u011fitim ve Ara\u015ft\u0131rma Hastanesi\u2019ne kald\u0131r\u0131larak tedavi alt\u0131na al\u0131nan K.D.\u2019nin hayati tehlikesinin bulundu\u011fu \u00f6\u011frenildi.<br \/>\n<br \/>Olay yerine gelen polis ekipleri, kavgada kullan\u0131ld\u0131\u011f\u0131 de\u011ferlendirilen b\u0131\u00e7a\u011f\u0131 delil olarak muhafaza alt\u0131na ald\u0131. \u015e\u00fcphelinin olay yerinden ka\u00e7t\u0131\u011f\u0131 \u00f6\u011frenilirken, Mu\u011fla \u0130l Emniyet M\u00fcd\u00fcrl\u00fc\u011f\u00fc ekiplerinin zanl\u0131n\u0131n yakalanmas\u0131 i\u00e7in geni\u015f \u00e7apl\u0131 \u00e7al\u0131\u015fma ba\u015flatt\u0131\u011f\u0131 bildirildi.<br \/>\n<br \/>Olayla ilgili soru\u015fturma \u00e7ok y\u00f6nl\u00fc olarak s\u00fcr\u00fcyor.<br \/><\/p>\n","protected":false},"excerpt":{"rendered":"<p>Mu\u011fla\u2019n\u0131n merkez il\u00e7esi Mente\u015fe\u2019de meydana gelen b\u0131\u00e7akl\u0131 kavgada 1 ki\u015fi a\u011f\u0131r yaraland\u0131. Olay Emirbeyaz\u0131t Mahallesi Cemil \u015eerif Baydur Sokak\u2019ta meydana geldi. Edinilen bilgilere g\u00f6re, bir grup taraf\u0131ndan hen\u00fcz nedeni belirlenemeyen bir tart\u0131\u015fma k\u0131sa s\u00fcrede \u015fiddetlenerek b\u00fcy\u00fcd\u00fc. Olay s\u0131ras\u0131nda 31 ya\u015f\u0131ndaki K.D. isimli ki\u015fi, v\u00fccudunun \u00e7e\u015fitli yerlerinden ald\u0131\u011f\u0131 b\u0131\u00e7ak darbeleriyle a\u011f\u0131r yaraland\u0131. \u00c7evredeki vatanda\u015flar\u0131n 112 Acil&#8230;<\/p>\n","protected":false},"author":1,"featured_media":72519,"comment_status":"open","ping_status":"open","sticky":false,"template":"","format":"standard","meta":{"_crdt_document":"","footnotes":""},"categories":[5],"tags":[],"class_list":["post-72518","post","type-post","status-publish","format-standard","has-post-thumbnail","hentry","category-asayis"],"_links":{"self":[{"href":"https:\/\/www.egemtv.com\/index.php?rest_route=\/wp\/v2\/posts\/72518","targetHints":{"allow":["GET"]}}],"collection":[{"href":"https:\/\/www.egemtv.com\/index.php?rest_route=\/wp\/v2\/posts"}],"about":[{"href":"https:\/\/www.egemtv.com\/index.php?rest_route=\/wp\/v2\/types\/post"}],"author":[{"embeddable":true,"href":"https:\/\/www.egemtv.com\/index.php?rest_route=\/wp\/v2\/users\/1"}],"replies":[{"embeddable":true,"href":"https:\/\/www.egemtv.com\/index.php?rest_route=%2Fwp%2Fv2%2Fcomments&post=72518"}],"version-history":[{"count":1,"href":"https:\/\/www.egemtv.com\/index.php?rest_route=\/wp\/v2\/posts\/72518\/revisions"}],"predecessor-version":[{"id":72520,"href":"https:\/\/www.egemtv.com\/index.php?rest_route=\/wp\/v2\/posts\/72518\/revisions\/72520"}],"wp:featuredmedia":[{"embeddable":true,"href":"https:\/\/www.egemtv.com\/index.php?rest_route=\/wp\/v2\/media\/72519"}],"wp:attachment":[{"href":"https:\/\/www.egemtv.com\/index.php?rest_route=%2Fwp%2Fv2%2Fmedia&parent=72518"}],"wp:term":[{"taxonomy":"category","embeddable":true,"href":"https:\/\/www.egemtv.com\/index.php?rest_route=%2Fwp%2Fv2%2Fcategories&post=72518"},{"taxonomy":"post_tag","embeddable":true,"href":"https:\/\/www.egemtv.com\/index.php?rest_route=%2Fwp%2Fv2%2Ftags&post=72518"}],"curies":[{"name":"wp","href":"https:\/\/api.w.org\/{rel}","templated":true}]}}