{"id":72515,"date":"2025-12-07T00:14:31","date_gmt":"2025-12-06T21:14:31","guid":{"rendered":"https:\/\/www.egemtv.com\/?p=72515"},"modified":"2025-12-07T00:14:31","modified_gmt":"2025-12-06T21:14:31","slug":"lokomotifin-carptigi-16-yasindaki-genc-hastanede-hayatini-kaybetti","status":"publish","type":"post","link":"https:\/\/www.egemtv.com\/?p=72515","title":{"rendered":"Lokomotifin \u00e7arpt\u0131\u011f\u0131 16 ya\u015f\u0131ndaki gen\u00e7 hastanede hayat\u0131n\u0131 kaybetti"},"content":{"rendered":"<p>Afyonkarahisar\u2019da raylarda kar\u015f\u0131dan kar\u015f\u0131ya ge\u00e7meye \u00e7al\u0131\u015fan 16 ya\u015f\u0131ndaki \u00e7ocuk lokomotifin \u00e7arpmas\u0131 sonucu hayat\u0131n\u0131 kaybetti.<br \/>\n<br \/>Olay, kent merkezi E\u015frefpa\u015fa Mahallesi\u2019nde meydana geldi. Edinilen bilgilere g\u00f6re, mahallede raylardan kar\u015f\u0131dan kar\u015f\u0131ya ge\u00e7mek isteyen Mustafa D., (16) isimli gence Afyonkarahisar\u2019dan S\u00fcl\u00fcn Tren \u0130stasyonu\u2019na hareket eden lokomotif \u00e7arpt\u0131. Olay\u0131n ard\u0131ndan a\u011f\u0131r yaralanan gen\u00e7 \u00e7evredekilerin haber vermesi \u00fczerine olay yerine gelen ambulansla hastaneye kald\u0131r\u0131ld\u0131. Ancak Mustafa D., burada yap\u0131lan m\u00fcdahaleye ra\u011fmen kurtar\u0131lamayarak hayat\u0131n\u0131 kaybetti.<br \/>\n<br \/>Olay\u0131n ard\u0131ndan polis taraf\u0131ndan b\u00f6lgede detayl\u0131 bir inceleme yap\u0131ld\u0131. Olayla ilgili savc\u0131l\u0131k taraf\u0131ndan soru\u015fturma ba\u015flat\u0131ld\u0131\u011f\u0131 bildirildi.<br \/><\/p>\n","protected":false},"excerpt":{"rendered":"<p>Afyonkarahisar\u2019da raylarda kar\u015f\u0131dan kar\u015f\u0131ya ge\u00e7meye \u00e7al\u0131\u015fan 16 ya\u015f\u0131ndaki \u00e7ocuk lokomotifin \u00e7arpmas\u0131 sonucu hayat\u0131n\u0131 kaybetti. Olay, kent merkezi E\u015frefpa\u015fa Mahallesi\u2019nde meydana geldi. Edinilen bilgilere g\u00f6re, mahallede raylardan kar\u015f\u0131dan kar\u015f\u0131ya ge\u00e7mek isteyen Mustafa D., (16) isimli gence Afyonkarahisar\u2019dan S\u00fcl\u00fcn Tren \u0130stasyonu\u2019na hareket eden lokomotif \u00e7arpt\u0131. Olay\u0131n ard\u0131ndan a\u011f\u0131r yaralanan gen\u00e7 \u00e7evredekilerin haber vermesi \u00fczerine olay yerine gelen&#8230;<\/p>\n","protected":false},"author":1,"featured_media":72516,"comment_status":"open","ping_status":"open","sticky":false,"template":"","format":"standard","meta":{"_crdt_document":"","footnotes":""},"categories":[5],"tags":[],"class_list":["post-72515","post","type-post","status-publish","format-standard","has-post-thumbnail","hentry","category-asayis"],"_links":{"self":[{"href":"https:\/\/www.egemtv.com\/index.php?rest_route=\/wp\/v2\/posts\/72515","targetHints":{"allow":["GET"]}}],"collection":[{"href":"https:\/\/www.egemtv.com\/index.php?rest_route=\/wp\/v2\/posts"}],"about":[{"href":"https:\/\/www.egemtv.com\/index.php?rest_route=\/wp\/v2\/types\/post"}],"author":[{"embeddable":true,"href":"https:\/\/www.egemtv.com\/index.php?rest_route=\/wp\/v2\/users\/1"}],"replies":[{"embeddable":true,"href":"https:\/\/www.egemtv.com\/index.php?rest_route=%2Fwp%2Fv2%2Fcomments&post=72515"}],"version-history":[{"count":1,"href":"https:\/\/www.egemtv.com\/index.php?rest_route=\/wp\/v2\/posts\/72515\/revisions"}],"predecessor-version":[{"id":72517,"href":"https:\/\/www.egemtv.com\/index.php?rest_route=\/wp\/v2\/posts\/72515\/revisions\/72517"}],"wp:featuredmedia":[{"embeddable":true,"href":"https:\/\/www.egemtv.com\/index.php?rest_route=\/wp\/v2\/media\/72516"}],"wp:attachment":[{"href":"https:\/\/www.egemtv.com\/index.php?rest_route=%2Fwp%2Fv2%2Fmedia&parent=72515"}],"wp:term":[{"taxonomy":"category","embeddable":true,"href":"https:\/\/www.egemtv.com\/index.php?rest_route=%2Fwp%2Fv2%2Fcategories&post=72515"},{"taxonomy":"post_tag","embeddable":true,"href":"https:\/\/www.egemtv.com\/index.php?rest_route=%2Fwp%2Fv2%2Ftags&post=72515"}],"curies":[{"name":"wp","href":"https:\/\/api.w.org\/{rel}","templated":true}]}}